{"id":909,"date":"2013-12-04T22:44:09","date_gmt":"2013-12-04T21:44:09","guid":{"rendered":"http:\/\/www.macgleo.com\/blog\/?p=909"},"modified":"2013-12-04T23:04:43","modified_gmt":"2013-12-04T22:04:43","slug":"triskell-version-ii","status":"publish","type":"post","link":"https:\/\/www.macgleo.com\/blog\/2013\/12\/04\/triskell-version-ii\/","title":{"rendered":"Triskell (version II)"},"content":{"rendered":"<p><a href=\"https:\/\/mloeudo7ye9b.i.optimole.com\/w:auto\/h:auto\/q:mauto\/f:best\/http:\/\/www.macgleo.com\/blog\/wp-content\/uploads\/2013\/12\/Triskell4.png\"><img data-opt-id=564221236  fetchpriority=\"high\" decoding=\"async\" class=\"alignleft size-full wp-image-910\" alt=\"Triskell4\" src=\"https:\/\/mloeudo7ye9b.i.optimole.com\/w:auto\/h:auto\/q:mauto\/f:best\/http:\/\/www.macgleo.com\/blog\/wp-content\/uploads\/2013\/12\/Triskell4.png\" width=\"141\" height=\"141\" \/><\/a><\/p>\n<p><em><strong>L\u2019invocation r\u00e9cente, par un leader Bonnet-Rouge du triskell est int\u00e9ressante car il semble possible que ce vieux motif graphique soit en r\u00e9alit\u00e9 un trait\u00e9 sur l\u2019art politique des anciens celtes. Il appara\u00eet, gr\u00e2ce \u00e0 l\u2019\u00e9tude d\u2019anciens syst\u00e8mes d\u2019\u00e9criture, que certaines civilisations ont \u00e9t\u00e9 capables de r\u00e9duire un ensemble d\u2019id\u00e9es \u00e0 quelques traits agenc\u00e9s dans un ordre permettant de les retrouver.<\/strong><\/em><\/p>\n<p><em><strong>Malheureusement les symboles celtiques ne sont pas arriv\u00e9s jusqu\u2019\u00e0 nous avec leur mode d\u2019emploi et nous en sommes r\u00e9duits \u00e0 des hypoth\u00e8ses inv\u00e9rifiables. Cependant dans le cas du triskell, il appara\u00eet qu\u2019avec ses trois spirales, il indique un syst\u00e8me organis\u00e9, \u00e0 la fois stable et \u00e9quilibr\u00e9.<\/strong><\/em><\/p>\n<p>Partant de l\u00e0, il est possible d\u2019imaginer que le triskell indique une structure de la cit\u00e9. On y voit trois spirales qui peuvent aussi \u00eatre consid\u00e9r\u00e9es comme trois points d\u2019appuis. Or les math\u00e9matiques nous disent que trois points suffisent \u00e0 d\u00e9finir un plan stable. Il est donc possible d\u2019y construire la cit\u00e9. Les trois spirales gravitent autour d\u2019un centre fictif et peuvent donc \u00eatre lues dans n\u2019importe quel sens, il n\u2019y a donc pas de hi\u00e9rarchie. On peut imaginer y voir une spirale de l\u2019esprit tissant des liens entre les groupes humains, grands, moyens et petits, une spirale de la main mod\u00e9ratrice des forces du travail, de l\u2019argent et de la nature et une spirale de la conscience connectant le savoir, la croyance et les bruits de l\u2019univers.<\/p>\n<p>Poursuivant la lecture, il est possible de supposer que chaque spirale porte, dans un plan\u00a0 courbe, perpendiculaire \u00e0 son trac\u00e9, un autre triskell semblant confirmer ces messages.<\/p>\n<p>La spirale de l\u2019esprit pr\u00e9cise peut-\u00eatre que pour survivre, les hommes sont depuis leur invention, organis\u00e9 autour des n\u00e9cessit\u00e9s de la s\u00e9curit\u00e9, de la solidarit\u00e9 et de la libert\u00e9. La spirale de l\u2019esprit rec\u00e8le donc un triskell avec une spirale de la s\u00e9curit\u00e9, ensemble assez large pour ma\u00eetriser les outils de la monnaie, de la diplomatie et de la force militaire, une spirale de la solidarit\u00e9, structure assez attentive pour utiliser les outils de l\u2019emploi, de la sant\u00e9 et de l\u2019\u00e9ducation, et une spirale de la libert\u00e9, force assez autonome pour inventer des outils de l\u2019entreprise, de la r\u00e8glementation et de la culture.<\/p>\n<p>La spirale de la main pr\u00e9cise peut-\u00eatre que pour avancer les hommes sont depuis leur invention, engag\u00e9 sur des chemins du travail, de l\u2019argent et de la nature. La spirale de la main rec\u00e8le donc un triskell avec une spirale du travail, outil assez puissant pour assurer \u00e0 chacun le g\u00eete, le couvert et l\u2019habit, une spirale de l\u2019argent, moyen assez souple pour permettre \u00e0 tous l\u2019\u00e9quit\u00e9, l\u2019\u00e9change et l\u2019avenir, et une spirale de la nature, ressource assez vaste pour que tous les humains puisse se nourrir, s\u2019habiller et se prot\u00e9ger.<\/p>\n<p>La spirale de la conscience pr\u00e9cise peut-\u00eatre que pour comprendre les hommes sont depuis leur invention, rassembl\u00e9s autour des questions du savoir, de la croyance et de l\u2019univers. La spirale de la conscience rec\u00e8le donc un triskell avec une spirale du savoir, territoire en mouvement o\u00f9 se c\u00f4toient la connaissance du pass\u00e9, l\u2019exp\u00e9rience du pr\u00e9sent et les potentialit\u00e9s du futur, une spirale de la croyance, \u00e9tendue calme et rassurante o\u00f9 cohabitent le questionnement, l\u2019espoir et la s\u00e9r\u00e9nit\u00e9, et une spirale de l\u2019univers, espace sans aucune limite \u00e0 la fois omnipr\u00e9sent, secret et pourvoyeur de lumi\u00e8res.<\/p>\n<p><strong><em><a href=\"https:\/\/mloeudo7ye9b.i.optimole.com\/w:auto\/h:auto\/q:mauto\/f:best\/http:\/\/www.macgleo.com\/blog\/wp-content\/uploads\/2013\/03\/Triskell.png\"><img data-opt-id=1458809819  fetchpriority=\"high\" decoding=\"async\" class=\"alignleft size-full wp-image-547\" alt=\"Triskell\" src=\"https:\/\/mloeudo7ye9b.i.optimole.com\/w:auto\/h:auto\/q:mauto\/f:best\/http:\/\/www.macgleo.com\/blog\/wp-content\/uploads\/2013\/03\/Triskell.png\" width=\"121\" height=\"128\" \/><\/a>Comme beaucoup de dessinateurs (pardon graphistes) bretons, je dessine des triskell depuis longtemps et me demande \u00e0 chaque nouveau croquis la signification de ces trois spirales. Tout ce que j\u2019ai pu lire ne m\u2019a jamais convaincu, mais je pr\u00e9tend que chacun a bien le droit de lui donner le sens qu\u2019il veut.\u00a0<\/em><\/strong><\/p>\n<p><strong><em>L\u2019actualit\u00e9 r\u00e9cente de notre pays est peut-\u00eatre une occasion de formuler quelque chose. S\u2019agissant de la spirale de l\u2019esprit, on peut penser que cela ressemble \u00e0 un monde celtique pr\u00e9-romain, du moins tel que nous pouvons le deviner au travers des \u00e9crits (souvent de sordides propagandes) qui nous sont parvenus. On\u00a0imagine\u00a0assez bien \u00e9galement que cela peut \u00eatre une trame pour une Europe de Peuples que d\u2019aucuns brandissent sans bien en mesurer toutes les cons\u00e9quences. L\u2019\u00e9quilibre est loin d\u2019\u00eatre tout trouv\u00e9 et c\u2019est bien pour cela qu\u2019il faut \u00e9largir le regard et parcourir les trois spirales du triskell.<\/em><\/strong><\/p>\n<p><em>Note : Quand le triskell tourne vers la gauche, c\u2019est un symbole belliqueux (les danses de guerre commencent dans cette direction). Quand il tourne vers la droite c\u2019est un symbole de paix (les danses de guerre se terminent dans ce sens).<\/em><\/p>\n<p>Park menez pell d&rsquo;an 5 a viz Kerzu 2013<\/p>\n","protected":false},"excerpt":{"rendered":"<p>L\u2019invocation r\u00e9cente, par un leader Bonnet-Rouge du triskell est int\u00e9ressante car il semble possible que ce vieux motif graphique soit en r\u00e9alit\u00e9 un trait\u00e9 sur l\u2019art politique des anciens celtes.&hellip;&nbsp;<a href=\"https:\/\/www.macgleo.com\/blog\/2013\/12\/04\/triskell-version-ii\/\" rel=\"bookmark\">Lire la suite &raquo;<span class=\"screen-reader-text\">Triskell (version II)<\/span><\/a><\/p>\n","protected":false},"author":1,"featured_media":0,"comment_status":"open","ping_status":"open","sticky":false,"template":"","format":"standard","meta":{"neve_meta_sidebar":"","neve_meta_container":"","neve_meta_enable_content_width":"","neve_meta_content_width":0,"neve_meta_title_alignment":"","neve_meta_author_avatar":"","neve_post_elements_order":"","neve_meta_disable_header":"","neve_meta_disable_footer":"","neve_meta_disable_title":"","footnotes":""},"categories":[7],"tags":[],"class_list":["post-909","post","type-post","status-publish","format-standard","hentry","category-contes"],"_links":{"self":[{"href":"https:\/\/www.macgleo.com\/blog\/wp-json\/wp\/v2\/posts\/909","targetHints":{"allow":["GET"]}}],"collection":[{"href":"https:\/\/www.macgleo.com\/blog\/wp-json\/wp\/v2\/posts"}],"about":[{"href":"https:\/\/www.macgleo.com\/blog\/wp-json\/wp\/v2\/types\/post"}],"author":[{"embeddable":true,"href":"https:\/\/www.macgleo.com\/blog\/wp-json\/wp\/v2\/users\/1"}],"replies":[{"embeddable":true,"href":"https:\/\/www.macgleo.com\/blog\/wp-json\/wp\/v2\/comments?post=909"}],"version-history":[{"count":9,"href":"https:\/\/www.macgleo.com\/blog\/wp-json\/wp\/v2\/posts\/909\/revisions"}],"predecessor-version":[{"id":919,"href":"https:\/\/www.macgleo.com\/blog\/wp-json\/wp\/v2\/posts\/909\/revisions\/919"}],"wp:attachment":[{"href":"https:\/\/www.macgleo.com\/blog\/wp-json\/wp\/v2\/media?parent=909"}],"wp:term":[{"taxonomy":"category","embeddable":true,"href":"https:\/\/www.macgleo.com\/blog\/wp-json\/wp\/v2\/categories?post=909"},{"taxonomy":"post_tag","embeddable":true,"href":"https:\/\/www.macgleo.com\/blog\/wp-json\/wp\/v2\/tags?post=909"}],"curies":[{"name":"wp","href":"https:\/\/api.w.org\/{rel}","templated":true}]}}