{"id":862,"date":"2013-09-28T21:39:46","date_gmt":"2013-09-28T19:39:46","guid":{"rendered":"http:\/\/www.macgleo.com\/blog\/?p=862"},"modified":"2013-10-02T00:14:13","modified_gmt":"2013-10-01T22:14:13","slug":"lagad-an-hent-tizh","status":"publish","type":"post","link":"https:\/\/www.macgleo.com\/blog\/2013\/09\/28\/lagad-an-hent-tizh\/","title":{"rendered":"Lagad an hent-tizh"},"content":{"rendered":"<p><strong><em><a href=\"https:\/\/mloeudo7ye9b.i.optimole.com\/w:auto\/h:auto\/q:mauto\/f:best\/http:\/\/www.macgleo.com\/blog\/wp-content\/uploads\/2013\/09\/LagadBD.jpg\"><img data-opt-id=2072640591  fetchpriority=\"high\" decoding=\"async\" class=\"aligncenter size-full wp-image-863\" alt=\"Impression\" src=\"https:\/\/mloeudo7ye9b.i.optimole.com\/w:auto\/h:auto\/q:mauto\/f:best\/http:\/\/www.macgleo.com\/blog\/wp-content\/uploads\/2013\/09\/LagadBD.jpg\" width=\"400\" height=\"400\" srcset=\"https:\/\/mloeudo7ye9b.i.optimole.com\/w:400\/h:400\/q:mauto\/f:best\/https:\/\/www.macgleo.com\/blog\/wp-content\/uploads\/2013\/09\/LagadBD.jpg 400w, https:\/\/mloeudo7ye9b.i.optimole.com\/w:150\/h:150\/q:mauto\/f:best\/https:\/\/www.macgleo.com\/blog\/wp-content\/uploads\/2013\/09\/LagadBD.jpg 150w, https:\/\/mloeudo7ye9b.i.optimole.com\/w:300\/h:300\/q:mauto\/f:best\/https:\/\/www.macgleo.com\/blog\/wp-content\/uploads\/2013\/09\/LagadBD.jpg 300w\" sizes=\"(max-width: 400px) 100vw, 400px\" \/><\/a>Il fut un temps o\u00f9 l\u2019on pouvait circuler librement \u00e0 travers les neuf pays de la Bretagne continentale.<\/em><\/strong><\/p>\n<p><a href=\"https:\/\/mloeudo7ye9b.i.optimole.com\/w:auto\/h:auto\/q:mauto\/f:best\/http:\/\/www.macgleo.com\/blog\/wp-content\/uploads\/2013\/09\/DANBD.jpg\"><img data-opt-id=1010204402  fetchpriority=\"high\" decoding=\"async\" class=\"alignleft size-full wp-image-864\" alt=\"Impression\" src=\"https:\/\/mloeudo7ye9b.i.optimole.com\/w:auto\/h:auto\/q:mauto\/f:best\/http:\/\/www.macgleo.com\/blog\/wp-content\/uploads\/2013\/09\/DANBD.jpg\" width=\"111\" height=\"300\" \/><\/a>C\u2019\u00e9tait avant la c\u00e9l\u00e9bration des cinq cent ans de la mort de la Duchesse Anne*. Cela est d\u00e9sormais r\u00e9volu, car les \u00a0jacobins, ayant encore une fois besoin d\u2019argent pour un projet \u00e0 leur seul b\u00e9n\u00e9fice, ont d\u00e9cid\u00e9 d&rsquo;une taxe sur les d\u00e9placements routiers.<\/p>\n<p>Il parait douteux que cette imp\u00f4t soit motiv\u00e9 par la lutte contre la pollution car ici l\u2019air est relativement sain alors qu\u2019il l\u2019est moins au-del\u00e0 de l&rsquo;orient de\u00a0la Bretagne o\u00f9 pourtant l&rsquo;effet de la taxe sera proportionnellement moins important.<\/p>\n<p>En r\u00e9alit\u00e9, sous couvert de cette cet mesure, le pouvoir fait installer des syst\u00e8mes de surveillance sur tout le territoire, lui permettant de conna\u00eetre en temps r\u00e9el le moindre d\u00e9placement. Sur la route, nous aurons d\u00e9sormais le sentiment de nous sentir en prison. A cette heure nous n\u2019y pouvons pas grand chose car les Bretons sont peu nombreux, divis\u00e9s et nos \u00e9lites ont peut-\u00eatre d\u2019autres soucis.<\/p>\n<p><strong><em>On pr\u00e9tend \u00e0 l\u2019envie que nous avons propension \u00e0 r\u00eaver notre histoire.\u00a0<a href=\"https:\/\/mloeudo7ye9b.i.optimole.com\/w:auto\/h:auto\/q:mauto\/f:best\/http:\/\/www.macgleo.com\/blog\/wp-content\/uploads\/2013\/09\/KadourBD.jpg\"><img data-opt-id=1294707011  fetchpriority=\"high\" decoding=\"async\" class=\"alignright size-full wp-image-873\" alt=\"Impression\" src=\"https:\/\/mloeudo7ye9b.i.optimole.com\/w:auto\/h:auto\/q:mauto\/f:best\/http:\/\/www.macgleo.com\/blog\/wp-content\/uploads\/2013\/09\/KadourBD.jpg\" width=\"169\" height=\"300\" \/><\/a><\/em><\/strong><\/p>\n<p>Or, un conte bardique de notre ancienne litt\u00e9rature insulaire, raconte l\u2019aventure de Kulhwch combattant le g\u00e9ant Yspadadden afin d\u2019obtenir la main d\u2019Olwen**. Lors d\u2019une escarmouche, le g\u00e9ant lan\u00e7a des pierres et des lances empoisonn\u00e9es sur Kulhwch\u00a0et sa troupe. Trois lances lui furent renvoy\u00e9es, la premi\u00e8re lui blessa le genou, la seconde lui transper\u00e7a la poitrine et la troisi\u00e8me lui p\u00e9n\u00e9tra l\u2019oeil et ressortit par la nuque.<\/p>\n<p>Alors r\u00eavons un peu. Combien de temps faudra-t-il pour qu\u2019un nouveau Kulhwch\u00a0parvienne \u00e0 crever l\u2019\u0153il de la voie express (lagad an hent-tizh) afin de nous rendre un peu de notre libert\u00e9.<\/p>\n<p><em>Macgleo &#8211;\u00a0Kroas Avalo\u00f9 d\u2019an 29 a viz gwengolo<\/em><\/p>\n<p><em>* Le 9 janvier 1514<\/em><\/p>\n<p><em>**\u00a0Kulhwch &amp;\u00a0Olwen &#8211; in :\u00a0Les Mabinogion\u00a0<\/em><\/p>\n<p>Traduction de Joseph Loth &#8211; Collection <em>L&rsquo;arbre double<\/em> aux Presses d&rsquo;aujourd&rsquo;hui.<\/p>\n<p>Traduction de Pierre Yves Lambert &#8211; Collection <em>L&rsquo;aube des peuples<\/em> chez Gallimard<\/p>\n<p><em>Illustrations : Lagad an hent-tizh &amp; extraits \u00a9 Mark Gleonec<\/em><\/p>\n<p><em>Reproduction interdite sans autorisation de l&rsquo;auteur (article L335 2 et suivants du code de la propri\u00e9t\u00e9 intellectuelle)<\/em><\/p>\n<p>&nbsp;<\/p>\n<p>&nbsp;<\/p>\n<p>&nbsp;<\/p>\n<p>&nbsp;<\/p>\n<p>&nbsp;<\/p>\n<p>&nbsp;<\/p>\n","protected":false},"excerpt":{"rendered":"<p>Il fut un temps o\u00f9 l\u2019on pouvait circuler librement \u00e0 travers les neuf pays de la Bretagne continentale. C\u2019\u00e9tait avant la c\u00e9l\u00e9bration des cinq cent ans de la mort de&hellip;&nbsp;<a href=\"https:\/\/www.macgleo.com\/blog\/2013\/09\/28\/lagad-an-hent-tizh\/\" rel=\"bookmark\">Lire la suite &raquo;<span class=\"screen-reader-text\">Lagad an hent-tizh<\/span><\/a><\/p>\n","protected":false},"author":1,"featured_media":0,"comment_status":"open","ping_status":"open","sticky":false,"template":"","format":"standard","meta":{"neve_meta_sidebar":"","neve_meta_container":"","neve_meta_enable_content_width":"","neve_meta_content_width":0,"neve_meta_title_alignment":"","neve_meta_author_avatar":"","neve_post_elements_order":"","neve_meta_disable_header":"","neve_meta_disable_footer":"","neve_meta_disable_title":"","footnotes":""},"categories":[6],"tags":[],"class_list":["post-862","post","type-post","status-publish","format-standard","hentry","category-dessins"],"_links":{"self":[{"href":"https:\/\/www.macgleo.com\/blog\/wp-json\/wp\/v2\/posts\/862","targetHints":{"allow":["GET"]}}],"collection":[{"href":"https:\/\/www.macgleo.com\/blog\/wp-json\/wp\/v2\/posts"}],"about":[{"href":"https:\/\/www.macgleo.com\/blog\/wp-json\/wp\/v2\/types\/post"}],"author":[{"embeddable":true,"href":"https:\/\/www.macgleo.com\/blog\/wp-json\/wp\/v2\/users\/1"}],"replies":[{"embeddable":true,"href":"https:\/\/www.macgleo.com\/blog\/wp-json\/wp\/v2\/comments?post=862"}],"version-history":[{"count":23,"href":"https:\/\/www.macgleo.com\/blog\/wp-json\/wp\/v2\/posts\/862\/revisions"}],"predecessor-version":[{"id":889,"href":"https:\/\/www.macgleo.com\/blog\/wp-json\/wp\/v2\/posts\/862\/revisions\/889"}],"wp:attachment":[{"href":"https:\/\/www.macgleo.com\/blog\/wp-json\/wp\/v2\/media?parent=862"}],"wp:term":[{"taxonomy":"category","embeddable":true,"href":"https:\/\/www.macgleo.com\/blog\/wp-json\/wp\/v2\/categories?post=862"},{"taxonomy":"post_tag","embeddable":true,"href":"https:\/\/www.macgleo.com\/blog\/wp-json\/wp\/v2\/tags?post=862"}],"curies":[{"name":"wp","href":"https:\/\/api.w.org\/{rel}","templated":true}]}}