{"id":805,"date":"2013-06-02T16:32:12","date_gmt":"2013-06-02T14:32:12","guid":{"rendered":"http:\/\/www.macgleo.com\/blog\/?p=805"},"modified":"2013-06-15T23:13:57","modified_gmt":"2013-06-15T21:13:57","slug":"le-voyage-en-catalogne-surrealie-centrale","status":"publish","type":"post","link":"https:\/\/www.macgleo.com\/blog\/2013\/06\/02\/le-voyage-en-catalogne-surrealie-centrale\/","title":{"rendered":"Le voyage en Catalogne (Surr\u00e9alie centrale)"},"content":{"rendered":"<p><strong>Lass\u00e9 de l\u2019humidit\u00e9 ambiante, nous sommes descendus dans le sud. En fait de descente cela a commenc\u00e9 par une mont\u00e9e, celle de l\u2019escalier rigoureux du palais des souverains de Mallorca, \u00e0 Perpignan. Mais notre qu\u00eate de beau temps fut un \u00e9chec. Heureusement, le Roi Jaume pratiquait la cour itin\u00e9rante et son ch\u00e2teau de Collioure est encore en assez bon \u00e9tat pour servir d\u2019abri le temps d\u2019un bel orage. Nous avons donc continu\u00e9 plus au sud et v\u00e9rifi\u00e9 une fois de plus, en passant de Cerb\u00e8res \u00e0 Portbou que la m\u00e9t\u00e9o se moque bien des fronti\u00e8res.<\/strong><\/p>\n<p><a href=\"https:\/\/mloeudo7ye9b.i.optimole.com\/w:auto\/h:auto\/q:mauto\/f:best\/http:\/\/www.macgleo.com\/blog\/wp-content\/uploads\/2013\/06\/Perpignan2.jpg\"><img data-opt-id=378215723  fetchpriority=\"high\" decoding=\"async\" class=\"alignleft  wp-image-806\" alt=\"Escalier Perpignan\" src=\"https:\/\/mloeudo7ye9b.i.optimole.com\/w:225\/h:300\/q:mauto\/f:best\/http:\/\/www.macgleo.com\/blog\/wp-content\/uploads\/2013\/06\/Perpignan2.jpg\" width=\"162\" height=\"216\" srcset=\"https:\/\/mloeudo7ye9b.i.optimole.com\/w:225\/h:300\/q:mauto\/f:best\/https:\/\/www.macgleo.com\/blog\/wp-content\/uploads\/2013\/06\/Perpignan2.jpg 225w, https:\/\/mloeudo7ye9b.i.optimole.com\/w:338\/h:450\/q:mauto\/f:best\/https:\/\/www.macgleo.com\/blog\/wp-content\/uploads\/2013\/06\/Perpignan2.jpg 338w\" sizes=\"(max-width: 162px) 100vw, 162px\" \/><\/a><\/p>\n<p><a href=\"https:\/\/mloeudo7ye9b.i.optimole.com\/w:auto\/h:auto\/q:mauto\/f:best\/http:\/\/www.macgleo.com\/blog\/wp-content\/uploads\/2013\/06\/Collioure1.jpg\"><img data-opt-id=820248831  fetchpriority=\"high\" decoding=\"async\" class=\"alignleft size-medium wp-image-807\" alt=\"Collioure\" src=\"https:\/\/mloeudo7ye9b.i.optimole.com\/w:300\/h:225\/q:mauto\/f:best\/http:\/\/www.macgleo.com\/blog\/wp-content\/uploads\/2013\/06\/Collioure1.jpg\" width=\"300\" height=\"225\" srcset=\"https:\/\/mloeudo7ye9b.i.optimole.com\/w:300\/h:225\/q:mauto\/f:best\/https:\/\/www.macgleo.com\/blog\/wp-content\/uploads\/2013\/06\/Collioure1.jpg 300w, https:\/\/mloeudo7ye9b.i.optimole.com\/w:450\/h:338\/q:mauto\/f:best\/https:\/\/www.macgleo.com\/blog\/wp-content\/uploads\/2013\/06\/Collioure1.jpg 450w\" sizes=\"(max-width: 300px) 100vw, 300px\" \/><\/a><\/p>\n<p>&nbsp;<\/p>\n<p>&nbsp;<\/p>\n<p>&nbsp;<\/p>\n<p>&nbsp;<\/p>\n<p>&nbsp;<\/p>\n<p>&nbsp;<\/p>\n<p>&nbsp;<\/p>\n<p>&nbsp;<\/p>\n<p>&nbsp;<\/p>\n<p>&nbsp;<\/p>\n<p>&nbsp;<\/p>\n<p>&nbsp;<\/p>\n<p>&nbsp;<\/p>\n<p>&nbsp;<\/p>\n<p>Il faisait beau sur Barcelone. En descendant de Mont Ju\u00efc, nous avons un peu patouill\u00e9 sur la Ronda Litoral, long\u00e9 le port qui s\u2019agitait du va et vient des containers et le bassin des yachts o\u00f9 trois superbes paquebots faisaient miroiter leur blancheur immacul\u00e9e. Apr\u00e8s quelques rat\u00e9s, nous avons gar\u00e9 l\u2019auto dans l\u2019abri d\u2019un parking, \u00e0 quelques pas de la Rambla. Point de Bari Gotigo cette fois, mais Pla\u00e7a Reial o\u00f9 le fond de l\u2019air n\u2019obligeait pas les palmiers \u00e0 dispenser la fraicheur de leur ombre.<\/p>\n<p><a href=\"https:\/\/mloeudo7ye9b.i.optimole.com\/w:auto\/h:auto\/q:mauto\/f:best\/http:\/\/www.macgleo.com\/blog\/wp-content\/uploads\/2013\/06\/Barcelona.jpg\"><img data-opt-id=1730186018  fetchpriority=\"high\" decoding=\"async\" class=\"alignleft size-medium wp-image-815\" alt=\"Pla\u00e7a Reial\" src=\"https:\/\/mloeudo7ye9b.i.optimole.com\/w:224\/h:300\/q:mauto\/f:best\/http:\/\/www.macgleo.com\/blog\/wp-content\/uploads\/2013\/06\/Barcelona.jpg\" width=\"224\" height=\"300\" srcset=\"https:\/\/mloeudo7ye9b.i.optimole.com\/w:224\/h:300\/q:mauto\/f:best\/https:\/\/www.macgleo.com\/blog\/wp-content\/uploads\/2013\/06\/Barcelona.jpg 224w, https:\/\/mloeudo7ye9b.i.optimole.com\/w:337\/h:450\/q:mauto\/f:best\/https:\/\/www.macgleo.com\/blog\/wp-content\/uploads\/2013\/06\/Barcelona.jpg 337w\" sizes=\"(max-width: 224px) 100vw, 224px\" \/><\/a><\/p>\n<p>&nbsp;<\/p>\n<p>&nbsp;<\/p>\n<p>&nbsp;<\/p>\n<p>&nbsp;<\/p>\n<p>&nbsp;<\/p>\n<p>&nbsp;<\/p>\n<p>&nbsp;<\/p>\n<p>&nbsp;<\/p>\n<p>Nous avions rendez vous avec Salvator, un m\u00e9canicien surr\u00e9aliste qui voulait nous fourguer une vieille Cadillac. Il est venu avec son ami Joan. Ils \u00e9taient en retard et assez fatigu\u00e9s, \u00e0 cause d\u2019une marche p\u00e9nible guid\u00e9e par l\u2019oiseau flamboyant du d\u00e9sert, nous ont-ils affirm\u00e9 en guise d\u2019excuse. Nous n\u2019avons pas achet\u00e9 la belle am\u00e9ricaine car le vendeur ne voulait pas r\u00e9duire la taille de la statue qui en ornait la calandre. De son point de vue, la voiture valait mieux qu\u2019une Rolls Royce et donc la statue devait \u00eatre plus grande.<\/p>\n<p><a href=\"https:\/\/mloeudo7ye9b.i.optimole.com\/w:auto\/h:auto\/q:mauto\/f:best\/http:\/\/www.macgleo.com\/blog\/wp-content\/uploads\/2013\/06\/Juan.jpg\"><img data-opt-id=69044180  decoding=\"async\" class=\"alignleft size-full wp-image-823\" alt=\"Joan\" src=\"https:\/\/mloeudo7ye9b.i.optimole.com\/w:auto\/h:auto\/q:mauto\/f:best\/http:\/\/www.macgleo.com\/blog\/wp-content\/uploads\/2013\/06\/Juan.jpg\" width=\"200\" height=\"266\" \/><\/a><a href=\"https:\/\/mloeudo7ye9b.i.optimole.com\/w:auto\/h:auto\/q:mauto\/f:best\/http:\/\/www.macgleo.com\/blog\/wp-content\/uploads\/2013\/06\/Salvator.jpg\"><img data-opt-id=740086900  decoding=\"async\" class=\"alignleft size-full wp-image-824\" alt=\"Salvator\" src=\"https:\/\/mloeudo7ye9b.i.optimole.com\/w:auto\/h:auto\/q:mauto\/f:best\/http:\/\/www.macgleo.com\/blog\/wp-content\/uploads\/2013\/06\/Salvator.jpg\" width=\"200\" height=\"266\" \/><\/a><\/p>\n<p><a href=\"https:\/\/mloeudo7ye9b.i.optimole.com\/w:auto\/h:auto\/q:mauto\/f:best\/http:\/\/www.macgleo.com\/blog\/wp-content\/uploads\/2013\/06\/Cadillac.jpg\"><img data-opt-id=1997374722  decoding=\"async\" class=\"alignleft size-full wp-image-827\" alt=\"Cadillac\" src=\"https:\/\/mloeudo7ye9b.i.optimole.com\/w:auto\/h:auto\/q:mauto\/f:best\/http:\/\/www.macgleo.com\/blog\/wp-content\/uploads\/2013\/06\/Cadillac.jpg\" width=\"338\" height=\"450\" srcset=\"https:\/\/mloeudo7ye9b.i.optimole.com\/w:338\/h:450\/q:mauto\/f:best\/https:\/\/www.macgleo.com\/blog\/wp-content\/uploads\/2013\/06\/Cadillac.jpg 338w, https:\/\/mloeudo7ye9b.i.optimole.com\/w:225\/h:300\/q:mauto\/f:best\/https:\/\/www.macgleo.com\/blog\/wp-content\/uploads\/2013\/06\/Cadillac.jpg 225w\" sizes=\"(max-width: 338px) 100vw, 338px\" \/><\/a><\/p>\n<p>&nbsp;<\/p>\n<p>&nbsp;<\/p>\n<p>&nbsp;<\/p>\n<p>&nbsp;<\/p>\n<p>&nbsp;<\/p>\n<p>&nbsp;<\/p>\n<p>&nbsp;<\/p>\n<p>&nbsp;<\/p>\n<p>&nbsp;<\/p>\n<p>&nbsp;<\/p>\n<p>&nbsp;<\/p>\n<p>&nbsp;<\/p>\n<p>&nbsp;<\/p>\n<p>&nbsp;<\/p>\n<p>&nbsp;<\/p>\n<p>&nbsp;<\/p>\n<p>&nbsp;<\/p>\n<p>&nbsp;<\/p>\n<p>&nbsp;<\/p>\n<p>Nous avons donc pris cong\u00e9 et somme all\u00e9s noyer notre d\u00e9ception dans le bar \u00e0 tapas voisin. Nous soup\u00e7onnons le barman, de type asiatique, d\u2019avoir ajout\u00e9 de curieuses substances dans nos consommations car nous avons eu plus tard de dr\u00f4les de visions et la sensation d\u2019\u00eatre embarqu\u00e9 dans un remake du voyage de Mael Duin. A certain moment la mer \u00e9tait comme du verre, \u00e0 un autre elle \u00e9tait comme un nuage. Dans un pays sous la mer, un courant d\u2019eau traversait l\u2019air comme un arc en ciel et nous y avons p\u00each\u00e9 des saumons. Il y avait un pilier d\u2019argent sortant de la mer, un filet d\u2019argent y \u00e9tait accroch\u00e9. Nous en avons travers\u00e9 une maille et l\u2019avons emport\u00e9 comme un troph\u00e9e.<\/p>\n<p><a href=\"https:\/\/mloeudo7ye9b.i.optimole.com\/w:auto\/h:auto\/q:mauto\/f:best\/http:\/\/www.macgleo.com\/blog\/wp-content\/uploads\/2013\/06\/Barque1.jpg\"><img data-opt-id=1892676471  decoding=\"async\" class=\"alignleft size-full wp-image-829\" alt=\"Barque\" src=\"https:\/\/mloeudo7ye9b.i.optimole.com\/w:auto\/h:auto\/q:mauto\/f:best\/http:\/\/www.macgleo.com\/blog\/wp-content\/uploads\/2013\/06\/Barque1.jpg\" width=\"338\" height=\"450\" srcset=\"https:\/\/mloeudo7ye9b.i.optimole.com\/w:338\/h:450\/q:mauto\/f:best\/https:\/\/www.macgleo.com\/blog\/wp-content\/uploads\/2013\/06\/Barque1.jpg 338w, https:\/\/mloeudo7ye9b.i.optimole.com\/w:225\/h:300\/q:mauto\/f:best\/https:\/\/www.macgleo.com\/blog\/wp-content\/uploads\/2013\/06\/Barque1.jpg 225w\" sizes=\"(max-width: 338px) 100vw, 338px\" \/><\/a><\/p>\n<p>&nbsp;<\/p>\n<p>&nbsp;<\/p>\n<p>&nbsp;<\/p>\n<p>&nbsp;<\/p>\n<p>&nbsp;<\/p>\n<p>&nbsp;<\/p>\n<p>&nbsp;<\/p>\n<p>&nbsp;<\/p>\n<p>&nbsp;<\/p>\n<p>&nbsp;<\/p>\n<p>&nbsp;<\/p>\n<p>&nbsp;<\/p>\n<p>Cette \u00e9trange sardane n\u2019a pas dur\u00e9 trop longtemps et nous sommes remont\u00e9s par les escaliers plein de fantaisie des vignobles du banyuls qui suivent les pentes irr\u00e9guli\u00e8res de la montagne. Pas de machine \u00e0 r\u00e9colter ici, la question ne se pose pas. Nous avions le souvenir de l\u2019ap\u00e9ritif \u00e0 la mode dans l\u2019apr\u00e8s-guerre et que buvaient nos parents, mais le temps a fait son \u0153uvre et les vignerons d\u2019ici doivent se battre pour perp\u00e9tuer leur tr\u00e8s ancienne tradition. On ne peut que saluer leur travail, ils font de tr\u00e8s belles choses et les rencontrer vous conforte dans cette id\u00e9e que les terroirs d\u2019exceptions forgent des hommes \u00e0 leur mesure.<\/p>\n<p><a href=\"https:\/\/mloeudo7ye9b.i.optimole.com\/w:auto\/h:auto\/q:mauto\/f:best\/http:\/\/www.macgleo.com\/blog\/wp-content\/uploads\/2013\/06\/Escalier1.jpg\"><img data-opt-id=1123425992  decoding=\"async\" class=\"alignleft size-full wp-image-832\" alt=\"OLYMPUS DIGITAL CAMERA\" src=\"https:\/\/mloeudo7ye9b.i.optimole.com\/w:auto\/h:auto\/q:mauto\/f:best\/http:\/\/www.macgleo.com\/blog\/wp-content\/uploads\/2013\/06\/Escalier1.jpg\" width=\"450\" height=\"338\" srcset=\"https:\/\/mloeudo7ye9b.i.optimole.com\/w:450\/h:338\/q:mauto\/f:best\/https:\/\/www.macgleo.com\/blog\/wp-content\/uploads\/2013\/06\/Escalier1.jpg 450w, https:\/\/mloeudo7ye9b.i.optimole.com\/w:300\/h:225\/q:mauto\/f:best\/https:\/\/www.macgleo.com\/blog\/wp-content\/uploads\/2013\/06\/Escalier1.jpg 300w\" sizes=\"(max-width: 450px) 100vw, 450px\" \/><\/a><\/p>\n<p>Ce p\u00e9riple en Catalogne ne nous aura pas permis de trouver la chaleur, mais nous avons trouv\u00e9 bien mieux, des ch\u00e2teaux enchant\u00e9s, de belles expositions, les riches aventures de Salvator, les joyeuses fantaisies de Joan, l\u2019agitation de la Ciutat Vella et le soleil en bouteille des vignerons de Banyuls.<\/p>\n<p><em>Kroas Avalou 27 05 2013<\/em><\/p>\n","protected":false},"excerpt":{"rendered":"<p>Lass\u00e9 de l\u2019humidit\u00e9 ambiante, nous sommes descendus dans le sud. En fait de descente cela a commenc\u00e9 par une mont\u00e9e, celle de l\u2019escalier rigoureux du palais des souverains de Mallorca,&hellip;&nbsp;<a href=\"https:\/\/www.macgleo.com\/blog\/2013\/06\/02\/le-voyage-en-catalogne-surrealie-centrale\/\" rel=\"bookmark\">Lire la suite &raquo;<span class=\"screen-reader-text\">Le voyage en Catalogne (Surr\u00e9alie centrale)<\/span><\/a><\/p>\n","protected":false},"author":1,"featured_media":0,"comment_status":"open","ping_status":"open","sticky":false,"template":"","format":"standard","meta":{"neve_meta_sidebar":"","neve_meta_container":"","neve_meta_enable_content_width":"","neve_meta_content_width":0,"neve_meta_title_alignment":"","neve_meta_author_avatar":"","neve_post_elements_order":"","neve_meta_disable_header":"","neve_meta_disable_footer":"","neve_meta_disable_title":"","footnotes":""},"categories":[7],"tags":[],"class_list":["post-805","post","type-post","status-publish","format-standard","hentry","category-contes"],"_links":{"self":[{"href":"https:\/\/www.macgleo.com\/blog\/wp-json\/wp\/v2\/posts\/805","targetHints":{"allow":["GET"]}}],"collection":[{"href":"https:\/\/www.macgleo.com\/blog\/wp-json\/wp\/v2\/posts"}],"about":[{"href":"https:\/\/www.macgleo.com\/blog\/wp-json\/wp\/v2\/types\/post"}],"author":[{"embeddable":true,"href":"https:\/\/www.macgleo.com\/blog\/wp-json\/wp\/v2\/users\/1"}],"replies":[{"embeddable":true,"href":"https:\/\/www.macgleo.com\/blog\/wp-json\/wp\/v2\/comments?post=805"}],"version-history":[{"count":24,"href":"https:\/\/www.macgleo.com\/blog\/wp-json\/wp\/v2\/posts\/805\/revisions"}],"predecessor-version":[{"id":851,"href":"https:\/\/www.macgleo.com\/blog\/wp-json\/wp\/v2\/posts\/805\/revisions\/851"}],"wp:attachment":[{"href":"https:\/\/www.macgleo.com\/blog\/wp-json\/wp\/v2\/media?parent=805"}],"wp:term":[{"taxonomy":"category","embeddable":true,"href":"https:\/\/www.macgleo.com\/blog\/wp-json\/wp\/v2\/categories?post=805"},{"taxonomy":"post_tag","embeddable":true,"href":"https:\/\/www.macgleo.com\/blog\/wp-json\/wp\/v2\/tags?post=805"}],"curies":[{"name":"wp","href":"https:\/\/api.w.org\/{rel}","templated":true}]}}