{"id":716,"date":"2013-05-08T15:52:34","date_gmt":"2013-05-08T13:52:34","guid":{"rendered":"http:\/\/www.macgleo.com\/blog\/?p=716"},"modified":"2013-05-08T15:53:45","modified_gmt":"2013-05-08T13:53:45","slug":"le-temps-des-fleurs","status":"publish","type":"post","link":"https:\/\/www.macgleo.com\/blog\/2013\/05\/08\/le-temps-des-fleurs\/","title":{"rendered":"Le temps des fleurs"},"content":{"rendered":"<p><em><strong>Il y des fleurs un peu partout dans les jardins et la campagne. Les fruitiers ne sont pas en reste et les cerisiers, poiriers et pommiers se colorent chacun leur tour. De l\u2019avis g\u00e9n\u00e9ral cela se pr\u00e9sente bien cette ann\u00e9e pour les fruitiers. Il y a des fleurs, le temps est de saison et les abeilles butinent \u00e0 leur aise. Nous verront bien dans les mois qui viennent ce que cela donnera.<\/strong><\/em><\/p>\n<p><a href=\"https:\/\/mloeudo7ye9b.i.optimole.com\/w:auto\/h:auto\/q:mauto\/f:best\/http:\/\/www.macgleo.com\/blog\/wp-content\/uploads\/2013\/05\/Bleuniou.jpg\"><img data-opt-id=1529495723  fetchpriority=\"high\" decoding=\"async\" class=\"alignleft size-full wp-image-717\" alt=\"Fleurs du jardin\" src=\"https:\/\/mloeudo7ye9b.i.optimole.com\/w:auto\/h:auto\/q:mauto\/f:best\/http:\/\/www.macgleo.com\/blog\/wp-content\/uploads\/2013\/05\/Bleuniou.jpg\" width=\"300\" height=\"450\" srcset=\"https:\/\/mloeudo7ye9b.i.optimole.com\/w:300\/h:450\/q:mauto\/f:best\/https:\/\/www.macgleo.com\/blog\/wp-content\/uploads\/2013\/05\/Bleuniou.jpg 300w, https:\/\/mloeudo7ye9b.i.optimole.com\/w:200\/h:300\/q:mauto\/f:best\/https:\/\/www.macgleo.com\/blog\/wp-content\/uploads\/2013\/05\/Bleuniou.jpg 200w\" sizes=\"(max-width: 300px) 100vw, 300px\" \/><\/a><\/p>\n<p>&nbsp;<\/p>\n<p>&nbsp;<\/p>\n<p>&nbsp;<\/p>\n<p>&nbsp;<\/p>\n<p>&nbsp;<\/p>\n<p>&nbsp;<\/p>\n<p>&nbsp;<\/p>\n<p>&nbsp;<\/p>\n<p>&nbsp;<\/p>\n<p>&nbsp;<\/p>\n<p><em>Quelques fleurs\u00a0<\/em><em>dans le jardin<\/em><\/p>\n<p>&nbsp;<\/p>\n<p><strong>Comment d\u00e9terminer la date de floraison d\u2019un pommier<\/strong><\/p>\n<p>De son apparition \u00e0 celle de la pomme, l\u2019\u00e9volution de la fleur est d\u00e9coup\u00e9e en huit stades, ce qui permet de classer chronologiquement les vari\u00e9t\u00e9s suivant leur p\u00e9riode de floraison. C\u2019est pr\u00e9cis\u00e9ment le stade F1 (apparition de la premi\u00e8re\u00a0 fleur) qui sera retenu.<\/p>\n<p>1\u00a0Bourgeon d\u2019hiver &#8211; 2\u00a0Gonflement apparent &#8211; 3\u00a0Apparition des boutons floraux &#8211; 4\u00a0S\u00e9pale laissant voir les p\u00e9tales<\/p>\n<p><a href=\"https:\/\/mloeudo7ye9b.i.optimole.com\/w:auto\/h:auto\/q:mauto\/f:best\/http:\/\/www.macgleo.com\/blog\/wp-content\/uploads\/2013\/05\/Fleur1.jpg\"><img data-opt-id=413076783  fetchpriority=\"high\" decoding=\"async\" class=\"alignleft size-full wp-image-732\" alt=\"Fleur1\" src=\"https:\/\/mloeudo7ye9b.i.optimole.com\/w:auto\/h:auto\/q:mauto\/f:best\/http:\/\/www.macgleo.com\/blog\/wp-content\/uploads\/2013\/05\/Fleur1.jpg\" width=\"100\" height=\"102\" \/><\/a><a href=\"https:\/\/mloeudo7ye9b.i.optimole.com\/w:auto\/h:auto\/q:mauto\/f:best\/http:\/\/www.macgleo.com\/blog\/wp-content\/uploads\/2013\/05\/Fleur2.jpg\"><img data-opt-id=486874077  fetchpriority=\"high\" decoding=\"async\" class=\"alignleft size-full wp-image-733\" alt=\"Fleur2\" src=\"https:\/\/mloeudo7ye9b.i.optimole.com\/w:auto\/h:auto\/q:mauto\/f:best\/http:\/\/www.macgleo.com\/blog\/wp-content\/uploads\/2013\/05\/Fleur2.jpg\" width=\"101\" height=\"102\" \/><\/a><a href=\"https:\/\/mloeudo7ye9b.i.optimole.com\/w:auto\/h:auto\/q:mauto\/f:best\/http:\/\/www.macgleo.com\/blog\/wp-content\/uploads\/2013\/05\/Fleur3.jpg\"><img data-opt-id=604785410  decoding=\"async\" class=\"alignleft size-full wp-image-734\" alt=\"Fleur3\" src=\"https:\/\/mloeudo7ye9b.i.optimole.com\/w:auto\/h:auto\/q:mauto\/f:best\/http:\/\/www.macgleo.com\/blog\/wp-content\/uploads\/2013\/05\/Fleur3.jpg\" width=\"102\" height=\"102\" \/><\/a><a href=\"https:\/\/mloeudo7ye9b.i.optimole.com\/w:auto\/h:auto\/q:mauto\/f:best\/http:\/\/www.macgleo.com\/blog\/wp-content\/uploads\/2013\/05\/Fleur4.jpg\"><img data-opt-id=127111860  decoding=\"async\" class=\"alignleft size-full wp-image-736\" alt=\"Fleur4\" src=\"https:\/\/mloeudo7ye9b.i.optimole.com\/w:auto\/h:auto\/q:mauto\/f:best\/http:\/\/www.macgleo.com\/blog\/wp-content\/uploads\/2013\/05\/Fleur4.jpg\" width=\"102\" height=\"102\" \/><\/a><\/p>\n<p>&nbsp;<\/p>\n<p>&nbsp;<\/p>\n<p>5\u00a0Apparition de la premi\u00e8re fleur (F1) &#8211; 6\u00a0Pleine floraison &#8211; 7\u00a0Chute des premi\u00e8res p\u00e9tales &#8211; 8\u00a0Chute des derniers p\u00e9tales<\/p>\n<p><a href=\"https:\/\/mloeudo7ye9b.i.optimole.com\/w:auto\/h:auto\/q:mauto\/f:best\/http:\/\/www.macgleo.com\/blog\/wp-content\/uploads\/2013\/05\/Fleur5.jpg\"><img data-opt-id=506848000  decoding=\"async\" class=\"alignleft size-full wp-image-737\" alt=\"Fleur5\" src=\"https:\/\/mloeudo7ye9b.i.optimole.com\/w:auto\/h:auto\/q:mauto\/f:best\/http:\/\/www.macgleo.com\/blog\/wp-content\/uploads\/2013\/05\/Fleur5.jpg\" width=\"102\" height=\"102\" \/><\/a><a href=\"https:\/\/mloeudo7ye9b.i.optimole.com\/w:auto\/h:auto\/q:mauto\/f:best\/http:\/\/www.macgleo.com\/blog\/wp-content\/uploads\/2013\/05\/Fleur6.jpg\"><img data-opt-id=766498648  decoding=\"async\" class=\"alignleft size-full wp-image-738\" alt=\"Fleur6\" src=\"https:\/\/mloeudo7ye9b.i.optimole.com\/w:auto\/h:auto\/q:mauto\/f:best\/http:\/\/www.macgleo.com\/blog\/wp-content\/uploads\/2013\/05\/Fleur6.jpg\" width=\"102\" height=\"102\" \/><\/a><a href=\"https:\/\/mloeudo7ye9b.i.optimole.com\/w:auto\/h:auto\/q:mauto\/f:best\/http:\/\/www.macgleo.com\/blog\/wp-content\/uploads\/2013\/05\/Fleur7.jpg\"><img data-opt-id=983110545  decoding=\"async\" class=\"alignleft size-full wp-image-739\" alt=\"Fleur7\" src=\"https:\/\/mloeudo7ye9b.i.optimole.com\/w:auto\/h:auto\/q:mauto\/f:best\/http:\/\/www.macgleo.com\/blog\/wp-content\/uploads\/2013\/05\/Fleur7.jpg\" width=\"100\" height=\"102\" \/><\/a><a href=\"https:\/\/mloeudo7ye9b.i.optimole.com\/w:auto\/h:auto\/q:mauto\/f:best\/http:\/\/www.macgleo.com\/blog\/wp-content\/uploads\/2013\/05\/Fleur8.jpg\"><img data-opt-id=2145320161  decoding=\"async\" class=\"alignleft size-full wp-image-740\" alt=\"Fleur8\" src=\"https:\/\/mloeudo7ye9b.i.optimole.com\/w:auto\/h:auto\/q:mauto\/f:best\/http:\/\/www.macgleo.com\/blog\/wp-content\/uploads\/2013\/05\/Fleur8.jpg\" width=\"101\" height=\"102\" \/><\/a><\/p>\n<p>&nbsp;<\/p>\n<p>&nbsp;<\/p>\n<p>&nbsp;<\/p>\n<p><em><strong>Fleurs de fruitiers du jardin<\/strong><\/em><\/p>\n<p>Fleur de cerisier<a href=\"https:\/\/mloeudo7ye9b.i.optimole.com\/w:auto\/h:auto\/q:mauto\/f:best\/http:\/\/www.macgleo.com\/blog\/wp-content\/uploads\/2013\/05\/BK.jpg\"><img data-opt-id=1334709471  decoding=\"async\" class=\"alignleft size-full wp-image-743\" alt=\"BK\" src=\"https:\/\/mloeudo7ye9b.i.optimole.com\/w:auto\/h:auto\/q:mauto\/f:best\/http:\/\/www.macgleo.com\/blog\/wp-content\/uploads\/2013\/05\/BK.jpg\" width=\"450\" height=\"300\" srcset=\"https:\/\/mloeudo7ye9b.i.optimole.com\/w:450\/h:300\/q:mauto\/f:best\/https:\/\/www.macgleo.com\/blog\/wp-content\/uploads\/2013\/05\/BK.jpg 450w, https:\/\/mloeudo7ye9b.i.optimole.com\/w:300\/h:200\/q:mauto\/f:best\/https:\/\/www.macgleo.com\/blog\/wp-content\/uploads\/2013\/05\/BK.jpg 300w\" sizes=\"(max-width: 450px) 100vw, 450px\" \/><\/a><\/p>\n<p>Fleur de poirier<a href=\"https:\/\/mloeudo7ye9b.i.optimole.com\/w:auto\/h:auto\/q:mauto\/f:best\/http:\/\/www.macgleo.com\/blog\/wp-content\/uploads\/2013\/05\/BP.jpg\"><img data-opt-id=1649698894  decoding=\"async\" class=\"alignleft size-full wp-image-747\" alt=\"BP\" src=\"https:\/\/mloeudo7ye9b.i.optimole.com\/w:auto\/h:auto\/q:mauto\/f:best\/http:\/\/www.macgleo.com\/blog\/wp-content\/uploads\/2013\/05\/BP.jpg\" width=\"450\" height=\"300\" srcset=\"https:\/\/mloeudo7ye9b.i.optimole.com\/w:450\/h:300\/q:mauto\/f:best\/https:\/\/www.macgleo.com\/blog\/wp-content\/uploads\/2013\/05\/BP.jpg 450w, https:\/\/mloeudo7ye9b.i.optimole.com\/w:300\/h:200\/q:mauto\/f:best\/https:\/\/www.macgleo.com\/blog\/wp-content\/uploads\/2013\/05\/BP.jpg 300w\" sizes=\"(max-width: 450px) 100vw, 450px\" \/><\/a><\/p>\n<p>Fleur de pommier<\/p>\n<p><a href=\"https:\/\/mloeudo7ye9b.i.optimole.com\/w:auto\/h:auto\/q:mauto\/f:best\/http:\/\/www.macgleo.com\/blog\/wp-content\/uploads\/2013\/05\/BA2.jpg\"><img data-opt-id=553428708  decoding=\"async\" class=\"alignleft size-full wp-image-748\" alt=\"BA2\" src=\"https:\/\/mloeudo7ye9b.i.optimole.com\/w:auto\/h:auto\/q:mauto\/f:best\/http:\/\/www.macgleo.com\/blog\/wp-content\/uploads\/2013\/05\/BA2.jpg\" width=\"450\" height=\"300\" srcset=\"https:\/\/mloeudo7ye9b.i.optimole.com\/w:450\/h:300\/q:mauto\/f:best\/https:\/\/www.macgleo.com\/blog\/wp-content\/uploads\/2013\/05\/BA2.jpg 450w, https:\/\/mloeudo7ye9b.i.optimole.com\/w:300\/h:200\/q:mauto\/f:best\/https:\/\/www.macgleo.com\/blog\/wp-content\/uploads\/2013\/05\/BA2.jpg 300w\" sizes=\"(max-width: 450px) 100vw, 450px\" \/><\/a><\/p>\n<p><strong>Les vergers de Cornouaille sont en fleurs ou sur le point de l&rsquo;\u00eatre.<\/strong><\/p>\n<p>Il y a donc de belles photos \u00e0 faire en particulier si vous avez la chance de passer sur la route qui va de Clohars Carnoet \u00e0 Doelan en traversant les vergers de Pen ar Ster (avec la mer en arri\u00e8re plan), mais du cot\u00e9 de Kerbader entre Beg Meil et Mousterlin c&rsquo;est joli \u00e9galement avec en prime la petite chapelle.<\/p>\n","protected":false},"excerpt":{"rendered":"<p>Il y des fleurs un peu partout dans les jardins et la campagne. Les fruitiers ne sont pas en reste et les cerisiers, poiriers et pommiers se colorent chacun leur&hellip;&nbsp;<a href=\"https:\/\/www.macgleo.com\/blog\/2013\/05\/08\/le-temps-des-fleurs\/\" rel=\"bookmark\">Lire la suite &raquo;<span class=\"screen-reader-text\">Le temps des fleurs<\/span><\/a><\/p>\n","protected":false},"author":1,"featured_media":0,"comment_status":"open","ping_status":"open","sticky":false,"template":"","format":"standard","meta":{"neve_meta_sidebar":"","neve_meta_container":"","neve_meta_enable_content_width":"","neve_meta_content_width":0,"neve_meta_title_alignment":"","neve_meta_author_avatar":"","neve_post_elements_order":"","neve_meta_disable_header":"","neve_meta_disable_footer":"","neve_meta_disable_title":"","footnotes":""},"categories":[4],"tags":[],"class_list":["post-716","post","type-post","status-publish","format-standard","hentry","category-cidre"],"_links":{"self":[{"href":"https:\/\/www.macgleo.com\/blog\/wp-json\/wp\/v2\/posts\/716","targetHints":{"allow":["GET"]}}],"collection":[{"href":"https:\/\/www.macgleo.com\/blog\/wp-json\/wp\/v2\/posts"}],"about":[{"href":"https:\/\/www.macgleo.com\/blog\/wp-json\/wp\/v2\/types\/post"}],"author":[{"embeddable":true,"href":"https:\/\/www.macgleo.com\/blog\/wp-json\/wp\/v2\/users\/1"}],"replies":[{"embeddable":true,"href":"https:\/\/www.macgleo.com\/blog\/wp-json\/wp\/v2\/comments?post=716"}],"version-history":[{"count":34,"href":"https:\/\/www.macgleo.com\/blog\/wp-json\/wp\/v2\/posts\/716\/revisions"}],"predecessor-version":[{"id":762,"href":"https:\/\/www.macgleo.com\/blog\/wp-json\/wp\/v2\/posts\/716\/revisions\/762"}],"wp:attachment":[{"href":"https:\/\/www.macgleo.com\/blog\/wp-json\/wp\/v2\/media?parent=716"}],"wp:term":[{"taxonomy":"category","embeddable":true,"href":"https:\/\/www.macgleo.com\/blog\/wp-json\/wp\/v2\/categories?post=716"},{"taxonomy":"post_tag","embeddable":true,"href":"https:\/\/www.macgleo.com\/blog\/wp-json\/wp\/v2\/tags?post=716"}],"curies":[{"name":"wp","href":"https:\/\/api.w.org\/{rel}","templated":true}]}}