{"id":698,"date":"2013-04-29T21:52:35","date_gmt":"2013-04-29T19:52:35","guid":{"rendered":"http:\/\/www.macgleo.com\/blog\/?p=698"},"modified":"2013-04-29T21:54:11","modified_gmt":"2013-04-29T19:54:11","slug":"mais-qui-etait-donc-saint-patern-le-saint-pas-la-biere","status":"publish","type":"post","link":"https:\/\/www.macgleo.com\/blog\/2013\/04\/29\/mais-qui-etait-donc-saint-patern-le-saint-pas-la-biere\/","title":{"rendered":"Mais qui \u00e9tait donc Saint Patern ? (le Saint, pas la bi\u00e8re)"},"content":{"rendered":"<p><a href=\"https:\/\/mloeudo7ye9b.i.optimole.com\/w:auto\/h:auto\/q:mauto\/f:best\/http:\/\/www.macgleo.com\/blog\/wp-content\/uploads\/2013\/04\/SantPatern.jpg\"><img data-opt-id=2013800313  fetchpriority=\"high\" decoding=\"async\" class=\"alignleft size-full wp-image-699\" alt=\"SantPatern\" src=\"https:\/\/mloeudo7ye9b.i.optimole.com\/w:auto\/h:auto\/q:mauto\/f:best\/http:\/\/www.macgleo.com\/blog\/wp-content\/uploads\/2013\/04\/SantPatern.jpg\" width=\"400\" height=\"334\" srcset=\"https:\/\/mloeudo7ye9b.i.optimole.com\/w:400\/h:334\/q:mauto\/f:best\/https:\/\/www.macgleo.com\/blog\/wp-content\/uploads\/2013\/04\/SantPatern.jpg 400w, https:\/\/mloeudo7ye9b.i.optimole.com\/w:300\/h:250\/q:mauto\/f:best\/https:\/\/www.macgleo.com\/blog\/wp-content\/uploads\/2013\/04\/SantPatern.jpg 300w\" sizes=\"(max-width: 400px) 100vw, 400px\" \/><\/a><\/p>\n<p>&nbsp;<\/p>\n<p>&nbsp;<\/p>\n<p>&nbsp;<\/p>\n<p>&nbsp;<\/p>\n<p>&nbsp;<\/p>\n<p>&nbsp;<\/p>\n<p>&nbsp;<\/p>\n<p>&nbsp;<\/p>\n<p>&nbsp;<\/p>\n<p><strong>Je pensait que Patern \u00e9tait une sp\u00e9cialit\u00e9 bretonne. C\u2019est (d\u2019apr\u00e8s certains) un des sept saints fondateurs de notre beau pays. J\u2019avais cependant en m\u00e9moire le souvenir d\u2019une marque de bi\u00e8re bretonne, savoureuse, mais qui ne doit plus \u00eatre produite aujourd\u2019hui.<\/strong><\/p>\n<p>Or la semaine derni\u00e8re j\u2019ai eu le plaisir de d\u00e9couvrir Alen\u00e7on et d\u2019y dire quelques contes. Ce fut un bon moment. Pendant les temps libres j\u2019ai pu visiter la ville et y d\u00e9couvrir au d\u00e9tour d\u2019une rue, une pancarte indiquant un Ch\u00e2teau h\u00f4tel Saint Paterne. N&rsquo;ayant pas le temps de m&rsquo;y attarder, d\u00e8s mon retour j\u2019ai cherch\u00e9 et trouv\u00e9 qu\u2019il y a bien un autre Saint Paterne, Normand celui l\u00e0 et qu&rsquo;il y en avait m\u00eame quelques autres dont voici la liste.<\/p>\n<p>Paterne de Fondi, venu d\u2019Alexandrie \u00e0 Rome, martyr \u00e0 Fondi (province de Latina en Italie)\u00a0o\u00f9 il est \u00a0mort dans un cachot vers 250-260, il est f\u00eat\u00e9 le 21 Aout.<\/p>\n<p>Paterne d\u2019Eauze, \u00e9v\u00e8que d\u2019Eauze (ancien si\u00e8ge \u00e9piscopal avant Auch). Originaire de Bilbao, il v\u00e9cut au IIIe si\u00e8cle et est f\u00eat\u00e9 le 28 septembre.<\/p>\n<p>Patern de Vannes, \u00e9v\u00e8que de Vannes, suppos\u00e9 mort entre 490 et 551. C&rsquo;est le premier \u00e9v\u00eaque attest\u00e9 du dioc\u00e8se de Vannes au Ve si\u00e8cle. D\u2019origine gallo-romaine, il est consid\u00e9r\u00e9 comme \u00e9tant un des sept saints fondateurs de la Bretagne**. Il est v\u00e9n\u00e9r\u00e9 \u00e0 Vannes (\u00e9tape du Tro Breizh, p\u00e8lerinage m\u00e9di\u00e9val des sept saints de Bretagne, depuis le Moyen-Age. Selon le calendrier des Saints Bretons il est f\u00eat\u00e9 le 15 avril (ou le 21 mai en souvenir de la translation de ses reliques). Il est parfois appel\u00e9 Patern l\u2019Ancien, pour le distinguer de Paterne d\u2019Avranches. Il est pri\u00e9 en cas de grandes s\u00e9cheresses afin que les pluies reviennent.<\/p>\n<p>Paterne de Cardigan saint solitaire du Pays de Galles, suppos\u00e9 mort vers 550. Fondateur de plusieurs monast\u00e8res et \u00e9glises dans le comt\u00e9 de Cardigan, il est parfois confondu avec l&rsquo;\u00e9v\u00eaque de Vannes ou avec celui d&rsquo;Avranches. Il est f\u00eat\u00e9 le 15 avril.<\/p>\n<p>Paterne d\u2019Avranches ou saint Pair, \u00e9v\u00eaque d\u2019Avranches, mort vers 563. Il est f\u00eat\u00e9 le 16 avril et le 23 septembre. C&rsquo;est sans doute en hommage \u00e0 celui-ci que le Ch\u00e2teau H\u00f4tel d&rsquo;Alen\u00e7on porte ce nom.<\/p>\n<p>Paterne de Sens, martyr dans le dioc\u00e8se de Sens et suppos\u00e9 mort vers 726. Il est f\u00eat\u00e9 le 12 novembre.<\/p>\n<p>Paterne d\u2019Abdinghof (ancienne abbaye de Paderborn), \u00e9v\u00eaque d\u2019Auxerre mort \u00e0 Paderborn (land de Rh\u00e9nanie-du-Nord-Westphalie) en 1058. Il est f\u00eat\u00e9 le 10 avril.<\/p>\n<p><i>Il existe \u00e9galement un Bienheureux Paterne, moine \u00e9cossais menant une vie de reclus pr\u00e8s de Paderborn, mort dans l&rsquo;incendie de sa cellule en 1058 et que certains auteurs qualifient de saint. Il est f\u00eat\u00e9 le 10 avril.<\/i><\/p>\n<p><i>* Patern (ou Paterne) vient du nom latin Paternus qui signifie paternel<\/i><\/p>\n<p><i>** Ces Sept-Saints fondateurs sont Sant Malo (Saint-malo), Sant Samzun (Saint Samson de Dol de Bretagne), Sant Brieg (Saint Brieuc), Sant Tugdual (Tr\u00e9guier), Sant Paol (Saint Pol de Leon), Sant Kaourintin (Quimper) et Sant Patern (Vannes).<\/i><\/p>\n<p><strong>Et la bi\u00e8re dans tout \u00e7a ?<\/strong><\/p>\n<p>En v\u00e9rit\u00e9 je dois confesser que hormis le Sant Patern de Vannes, je ne connaissait d&rsquo;autre que &#8230; la bi\u00e8re Sant Patern, cr\u00e9\u00e9e avec la bi\u00e8re Sant Gwenole par la Brasserie de Bretagne dans la foul\u00e9e du succ\u00e8s de la Sant Erwan.<\/p>\n<p>\u00c0 cette \u00e9poque j\u2019intervenais sur la communication de la Brasserie et avec Bob Laurent, le graphiste, nous avions d\u00e9fini un style graphique (toujours d\u2019actualit\u00e9), imagin\u00e9 de belles histoires \u00e0 raconter autour des produits et trouv\u00e9 l\u2019iconographique correspondant \u00e0 Sant Erwan comme \u00e0 Sant Gwenole.<\/p>\n<p>Pour Sant Patern, ce fut une autre affaire car il ne reste pas grand chose de l\u2019iconographie bretonne du Ve si\u00e8cle. Nous avons donc d\u00e9cid\u00e9 de fabriquer une illustration \u00e0 partir de copies de documents anciens. Il y a dans l\u2019image pas moins de trois fragments qu\u2019il a fallu mettre dans le bon ordre et adapter pour coller \u00e0 la ligne graphique. Un joli travail dont nous sommes assez fiers et qui m&rsquo;est revenu en m\u00e9moire au d\u00e9tour de cette rue d&rsquo;Alen\u00e7on.<\/p>\n<p>Il y a toujours de belles histoires derri\u00e8re l&rsquo;image d&rsquo;un produit de caract\u00e8re (cette bi\u00e8re en \u00e9tait un) et \u00e0 d\u00e9faut d&rsquo;en retrouver le parfum, j&rsquo;ai mis la main sur le fichier de son \u00e9tiquette, qui ne doit plus gu\u00e8re circuler.<\/p>\n<p><a href=\"https:\/\/mloeudo7ye9b.i.optimole.com\/w:auto\/h:auto\/q:mauto\/f:best\/http:\/\/www.macgleo.com\/blog\/wp-content\/uploads\/2013\/04\/EtiquStPatern.jpg\"><img data-opt-id=1966668501  fetchpriority=\"high\" decoding=\"async\" class=\"alignleft size-full wp-image-706\" alt=\"EtiquStPatern\" src=\"https:\/\/mloeudo7ye9b.i.optimole.com\/w:auto\/h:auto\/q:mauto\/f:best\/http:\/\/www.macgleo.com\/blog\/wp-content\/uploads\/2013\/04\/EtiquStPatern.jpg\" width=\"400\" height=\"363\" srcset=\"https:\/\/mloeudo7ye9b.i.optimole.com\/w:400\/h:363\/q:mauto\/f:best\/https:\/\/www.macgleo.com\/blog\/wp-content\/uploads\/2013\/04\/EtiquStPatern.jpg 400w, https:\/\/mloeudo7ye9b.i.optimole.com\/w:300\/h:272\/q:mauto\/f:best\/https:\/\/www.macgleo.com\/blog\/wp-content\/uploads\/2013\/04\/EtiquStPatern.jpg 300w\" sizes=\"(max-width: 400px) 100vw, 400px\" \/><\/a><\/p>\n<p>Arabat eva\u00f1 re, fall eo \u2018vit ar yerc\u2019hed (l\u2019abus d\u2019alcool est dangereux pour la sant\u00e9, consommez avec mod\u00e9ration)<\/p>\n","protected":false},"excerpt":{"rendered":"<p>&nbsp; &nbsp; &nbsp; &nbsp; &nbsp; &nbsp; &nbsp; &nbsp; &nbsp; Je pensait que Patern \u00e9tait une sp\u00e9cialit\u00e9 bretonne. C\u2019est (d\u2019apr\u00e8s certains) un des sept saints fondateurs de notre beau pays. J\u2019avais&hellip;&nbsp;<a href=\"https:\/\/www.macgleo.com\/blog\/2013\/04\/29\/mais-qui-etait-donc-saint-patern-le-saint-pas-la-biere\/\" rel=\"bookmark\">Lire la suite &raquo;<span class=\"screen-reader-text\">Mais qui \u00e9tait donc Saint Patern ? (le Saint, pas la bi\u00e8re)<\/span><\/a><\/p>\n","protected":false},"author":1,"featured_media":0,"comment_status":"open","ping_status":"open","sticky":false,"template":"","format":"standard","meta":{"neve_meta_sidebar":"","neve_meta_container":"","neve_meta_enable_content_width":"","neve_meta_content_width":0,"neve_meta_title_alignment":"","neve_meta_author_avatar":"","neve_post_elements_order":"","neve_meta_disable_header":"","neve_meta_disable_footer":"","neve_meta_disable_title":"","footnotes":""},"categories":[6],"tags":[],"class_list":["post-698","post","type-post","status-publish","format-standard","hentry","category-dessins"],"_links":{"self":[{"href":"https:\/\/www.macgleo.com\/blog\/wp-json\/wp\/v2\/posts\/698","targetHints":{"allow":["GET"]}}],"collection":[{"href":"https:\/\/www.macgleo.com\/blog\/wp-json\/wp\/v2\/posts"}],"about":[{"href":"https:\/\/www.macgleo.com\/blog\/wp-json\/wp\/v2\/types\/post"}],"author":[{"embeddable":true,"href":"https:\/\/www.macgleo.com\/blog\/wp-json\/wp\/v2\/users\/1"}],"replies":[{"embeddable":true,"href":"https:\/\/www.macgleo.com\/blog\/wp-json\/wp\/v2\/comments?post=698"}],"version-history":[{"count":15,"href":"https:\/\/www.macgleo.com\/blog\/wp-json\/wp\/v2\/posts\/698\/revisions"}],"predecessor-version":[{"id":715,"href":"https:\/\/www.macgleo.com\/blog\/wp-json\/wp\/v2\/posts\/698\/revisions\/715"}],"wp:attachment":[{"href":"https:\/\/www.macgleo.com\/blog\/wp-json\/wp\/v2\/media?parent=698"}],"wp:term":[{"taxonomy":"category","embeddable":true,"href":"https:\/\/www.macgleo.com\/blog\/wp-json\/wp\/v2\/categories?post=698"},{"taxonomy":"post_tag","embeddable":true,"href":"https:\/\/www.macgleo.com\/blog\/wp-json\/wp\/v2\/tags?post=698"}],"curies":[{"name":"wp","href":"https:\/\/api.w.org\/{rel}","templated":true}]}}