{"id":581,"date":"2013-03-24T22:05:51","date_gmt":"2013-03-24T21:05:51","guid":{"rendered":"http:\/\/www.macgleo.com\/blog\/?p=581"},"modified":"2013-03-24T22:41:53","modified_gmt":"2013-03-24T21:41:53","slug":"la-fin-du-droits-de-lhomme","status":"publish","type":"post","link":"https:\/\/www.macgleo.com\/blog\/2013\/03\/24\/la-fin-du-droits-de-lhomme\/","title":{"rendered":"La fin du Droits de l&rsquo;Homme."},"content":{"rendered":"<p><em><strong>En ces temps ou l&rsquo;obscurantisme semble vouloir \u00e9tendre son ombre, il faut se garder d&rsquo;encenser trop vite les porteurs de flambeaux des lumi\u00e8res. Comme le font parfois remarquer les rieurs, il arrive que les plombs sautent et comme EDF est parfois en gr\u00e8ve, la belle lumi\u00e8re fait malheureusement d\u00e9faut.<\/strong><\/em><\/p>\n<figure id=\"attachment_582\" aria-describedby=\"caption-attachment-582\" style=\"width: 500px\" class=\"wp-caption alignleft\"><a href=\"https:\/\/mloeudo7ye9b.i.optimole.com\/w:auto\/h:auto\/q:mauto\/f:best\/http:\/\/www.macgleo.com\/blog\/wp-content\/uploads\/2013\/03\/DDH.jpg\"><img data-opt-id=553022562  fetchpriority=\"high\" decoding=\"async\" class=\"size-full wp-image-582\" alt=\"Huile sur toile de L\u00e9opold Le Guen\" src=\"https:\/\/mloeudo7ye9b.i.optimole.com\/w:auto\/h:auto\/q:mauto\/f:best\/http:\/\/www.macgleo.com\/blog\/wp-content\/uploads\/2013\/03\/DDH.jpg\" width=\"500\" height=\"351\" srcset=\"https:\/\/mloeudo7ye9b.i.optimole.com\/w:500\/h:351\/q:mauto\/f:best\/https:\/\/www.macgleo.com\/blog\/wp-content\/uploads\/2013\/03\/DDH.jpg 500w, https:\/\/mloeudo7ye9b.i.optimole.com\/w:300\/h:210\/q:mauto\/f:best\/https:\/\/www.macgleo.com\/blog\/wp-content\/uploads\/2013\/03\/DDH.jpg 300w\" sizes=\"(max-width: 500px) 100vw, 500px\" \/><\/a><figcaption id=\"caption-attachment-582\" class=\"wp-caption-text\">Huile sur toile de L\u00e9opold Le Guen<\/figcaption><\/figure>\n<p>\u00c0 la pointe de la Cornouaille, sur la plage de Plozevet, un porteur du symbole connut autrefois une fin aussi dramatique que rapide. En d\u00e9cembre 1796, une armada fut d\u00e9p\u00each\u00e9e par la jeune r\u00e9publique Fran\u00e7aise pour aider Wolf Tone \u00e0 lib\u00e9rer l&rsquo;Irlande. Les conditions m\u00e9t\u00e9o en d\u00e9cid\u00e8rent autrement et l&rsquo;exp\u00e9dition fut un d\u00e9sastre. Dans l&rsquo;aventure, il y avait le \u00ab\u00a0Droits de l&rsquo;Homme\u00a0\u00bb, premier navire lanc\u00e9 par le nouveau pouvoir.<\/p>\n<p>Fuyant la temp\u00eate, il fut pris en chasse, d\u00e9but janvier 1797, par deux bateaux anglais et finit sa courte carri\u00e8re sur la plage de Cante \u00e0 Plozevet. Il y avait \u00e0 son bord Elie Pipon, un officier anglais captur\u00e9 un peu avant, au cours de la travers\u00e9e. Ayant surv\u00e9cu au naufrage, il revint 40 ans plus tard faire dresser une st\u00e8le sur la plage. Elle s&rsquo;y trouve toujours, dans un \u00e9tat qui pourrait \u00eatre interpr\u00e9t\u00e9 comme un manque d&rsquo;int\u00e9r\u00eat de l&rsquo;autorit\u00e9 fran\u00e7aise pour les Droits de l&rsquo;Homme en Bretagne.<\/p>\n<p><a href=\"https:\/\/mloeudo7ye9b.i.optimole.com\/w:auto\/h:auto\/q:mauto\/f:best\/http:\/\/www.macgleo.com\/blog\/wp-content\/uploads\/2013\/03\/DDHNB.jpg\"><img data-opt-id=151272151  fetchpriority=\"high\" decoding=\"async\" class=\"alignleft size-full wp-image-583\" alt=\"Elie Pipon's stone\" src=\"https:\/\/mloeudo7ye9b.i.optimole.com\/w:auto\/h:auto\/q:mauto\/f:best\/http:\/\/www.macgleo.com\/blog\/wp-content\/uploads\/2013\/03\/DDHNB.jpg\" width=\"500\" height=\"300\" srcset=\"https:\/\/mloeudo7ye9b.i.optimole.com\/w:500\/h:300\/q:mauto\/f:best\/https:\/\/www.macgleo.com\/blog\/wp-content\/uploads\/2013\/03\/DDHNB.jpg 500w, https:\/\/mloeudo7ye9b.i.optimole.com\/w:300\/h:180\/q:mauto\/f:best\/https:\/\/www.macgleo.com\/blog\/wp-content\/uploads\/2013\/03\/DDHNB.jpg 300w\" sizes=\"(max-width: 500px) 100vw, 500px\" \/><\/a><\/p>\n<p>De fait, si la st\u00e8le de Pipon est toujours sur la plage de Cante, elle est devenu une curiosit\u00e9 touristique facile \u00e0 trouver. Elle n&rsquo;est cependant pas en bon \u00e9tat, m\u00eame si les riverains firent de leur mieux pour comm\u00e9morer le deux centi\u00e8me anniversaire de la catastrophe, qui reste encore \u00e0 ce jour un des naufrages les meurtriers de la baie d&rsquo;Audierne.<\/p>\n<p>J&rsquo;ai fait de cette histoire un texte que je conte parfois avec Claude Le Brun \u00e0 la Harpe. Il a choisi la marche \u00e9cossaise, <em>\u00ab\u00a0Battle of Waterloo\u00a0\u00bb<\/em> pour l\u2019accompagner. Vous en trouverez un extrait ci-dessous (le texte m\u00e9lange du fran\u00e7ais et de l&rsquo;anglais).<\/p>\n<p><i>&#8230;We were led down to the foremast store, our jail. There we could feel the coldness, waiting for the attack to start.<\/i><\/p>\n<p><i>The battle commenced with a burst of fire from the batteries, the crash of grapeshot, the whiz of bullets overhead and the booming of the waves. In the middle of the night, an incredible crash stopped the fury. A French sailor said \u201cMontez vite, pauvres Anglais, nous sommes tous perdus\u201d, and we climbed up, as fast as possible, to the deck. In the dark we could just perceive the ugly ghost of death in the howling, and nothing else except the black wall of night.<\/i><\/p>\n<p><i>Les bruits de la bataille ont fait venir les gens sur la plage de Plozevet, mais en ce glacial matin de janvier, les paysans accourus d\u00e9couvrent une gigantesque \u00e9pave sur le plateau de roches. Elle est bien trop loin du rivage pour \u00eatre secourue \u00e0 pied et les vagues sont bien trop grosses pour y aller en barque. Tout juste peut-on enterrer les cadavres diss\u00e9min\u00e9s sur la gr\u00e8ve et r\u00e9cup\u00e9rer quelques pi\u00e8ces de bois roussies.\u00a0<\/i><\/p>\n<p><i>Trois jours passent ainsi dans la froidure, le vent et les vagues, avec \u00e0 chaque mar\u00e9e basse la perte d\u2019une chaloupe, le maigre succ\u00e8s d\u2019un radeau et l\u2019inhumanit\u00e9 qui s\u2019installe. Au quatri\u00e8me jour, la mer est plus sereine et un petit navire venu de Brest r\u00e9ussit \u00e0 s\u2019amarrer au ch\u00e2teau arri\u00e8re. Cent cinquante personnes sont sauv\u00e9es ce soir-l\u00e0, mais le lendemain la moiti\u00e9 des quatre cent encore \u00e0 bord ne vivent plus&#8230;<\/i><\/p>\n<p style=\"text-align: left;\"><i>Elie Pipon\u2019s stone \u00a9 Mark Gleonec 2008<\/i><\/p>\n<p style=\"text-align: left;\">Ne manquez pas d&rsquo;y passer (surtout l\u2019hiver) si vous en avez l&rsquo;occasion. Vous y verrez une pierre bris\u00e9e, une mer toujours en mouvement et une dune battue par les vents. Le lieux n&rsquo;est ni triste ni gai, mais m\u00eame aux heures ou la mer monte au plus haut sur la plage, on sent sous sa surface la menace des griffes invisibles du plateau de roches.<\/p>\n<p><a href=\"https:\/\/mloeudo7ye9b.i.optimole.com\/w:auto\/h:auto\/q:mauto\/f:best\/http:\/\/www.macgleo.com\/blog\/wp-content\/uploads\/2013\/03\/DDHQuadri.jpg\"><img data-opt-id=186163137  fetchpriority=\"high\" decoding=\"async\" class=\"alignleft  wp-image-592\" alt=\"Le menhir des droits de l'homme\" src=\"https:\/\/mloeudo7ye9b.i.optimole.com\/w:auto\/h:auto\/q:mauto\/f:best\/http:\/\/www.macgleo.com\/blog\/wp-content\/uploads\/2013\/03\/DDHQuadri.jpg\" width=\"178\" height=\"220\" \/><\/a>Cette histoire nous rappelle en tous cas que les Droits de l&rsquo;Homme ne sont jamais compl\u00e8tement acquis et restent toujours sous la menace de forces obscures, pas forc\u00e9ment tr\u00e8s \u00e9loign\u00e9es de nos maisons.<\/p>\n<p>&nbsp;<\/p>\n<p>&nbsp;<\/p>\n<p>&nbsp;<\/p>\n<p><em>Kroas Avalou le 13 03 2013<\/em><\/p>\n","protected":false},"excerpt":{"rendered":"<p>En ces temps ou l&rsquo;obscurantisme semble vouloir \u00e9tendre son ombre, il faut se garder d&rsquo;encenser trop vite les porteurs de flambeaux des lumi\u00e8res. Comme le font parfois remarquer les rieurs,&hellip;&nbsp;<a href=\"https:\/\/www.macgleo.com\/blog\/2013\/03\/24\/la-fin-du-droits-de-lhomme\/\" rel=\"bookmark\">Lire la suite &raquo;<span class=\"screen-reader-text\">La fin du Droits de l&rsquo;Homme.<\/span><\/a><\/p>\n","protected":false},"author":1,"featured_media":0,"comment_status":"open","ping_status":"open","sticky":false,"template":"","format":"standard","meta":{"neve_meta_sidebar":"","neve_meta_container":"","neve_meta_enable_content_width":"","neve_meta_content_width":0,"neve_meta_title_alignment":"","neve_meta_author_avatar":"","neve_post_elements_order":"","neve_meta_disable_header":"","neve_meta_disable_footer":"","neve_meta_disable_title":"","footnotes":""},"categories":[7],"tags":[],"class_list":["post-581","post","type-post","status-publish","format-standard","hentry","category-contes"],"_links":{"self":[{"href":"https:\/\/www.macgleo.com\/blog\/wp-json\/wp\/v2\/posts\/581","targetHints":{"allow":["GET"]}}],"collection":[{"href":"https:\/\/www.macgleo.com\/blog\/wp-json\/wp\/v2\/posts"}],"about":[{"href":"https:\/\/www.macgleo.com\/blog\/wp-json\/wp\/v2\/types\/post"}],"author":[{"embeddable":true,"href":"https:\/\/www.macgleo.com\/blog\/wp-json\/wp\/v2\/users\/1"}],"replies":[{"embeddable":true,"href":"https:\/\/www.macgleo.com\/blog\/wp-json\/wp\/v2\/comments?post=581"}],"version-history":[{"count":23,"href":"https:\/\/www.macgleo.com\/blog\/wp-json\/wp\/v2\/posts\/581\/revisions"}],"predecessor-version":[{"id":605,"href":"https:\/\/www.macgleo.com\/blog\/wp-json\/wp\/v2\/posts\/581\/revisions\/605"}],"wp:attachment":[{"href":"https:\/\/www.macgleo.com\/blog\/wp-json\/wp\/v2\/media?parent=581"}],"wp:term":[{"taxonomy":"category","embeddable":true,"href":"https:\/\/www.macgleo.com\/blog\/wp-json\/wp\/v2\/categories?post=581"},{"taxonomy":"post_tag","embeddable":true,"href":"https:\/\/www.macgleo.com\/blog\/wp-json\/wp\/v2\/tags?post=581"}],"curies":[{"name":"wp","href":"https:\/\/api.w.org\/{rel}","templated":true}]}}