{"id":3363,"date":"2023-07-03T11:05:29","date_gmt":"2023-07-03T09:05:29","guid":{"rendered":"https:\/\/www.macgleo.com\/blog\/?p=3363"},"modified":"2023-07-25T14:12:20","modified_gmt":"2023-07-25T12:12:20","slug":"aire-dappellation-aop-cornouaille","status":"publish","type":"post","link":"https:\/\/www.macgleo.com\/blog\/2023\/07\/03\/aire-dappellation-aop-cornouaille\/","title":{"rendered":"Aire d\u2019appellation AOP Cornouaille"},"content":{"rendered":"\n<p><strong>Le cidre AOP Cornouaille est un produit unique.<\/strong><\/p>\n\n\n\n<p><strong>H\u00e9ritier du&nbsp;\u00ab meilleur cidre du monde \u00bb cher \u00e0 Frederic Le Guyader, il est&nbsp;issu d\u2019une longue tradition d\u2019excellence et d\u2019une recherche constante de techniques d\u2019\u00e9laboration toujours plus s\u00fbres.<\/strong><\/p>\n\n\n\n<p>Produit sur un territoire d\u00e9limit\u00e9 o\u00f9 les verger sont agr\u00e9es individuellement, il r\u00e9pond \u00e0 un cahier des charges rigoureux avec des rendements limit\u00e9s, une mati\u00e8re premi\u00e8re 100% pur jus, une prise de mousse naturelle et des contr\u00f4les tout au long du process d\u2019\u00e9laboration.<\/p>\n\n\n\n<p>l\u2019appellation AOP s\u2019\u00e9tend sur le territoire historique de la Cornouaille o\u00f9 sont reconnues quatre zones. C\u2019est un cidre demi-sec qui raconte la dualit\u00e9 d\u2019un pays fier, \u00e0 la fois ouvert sur le mer et gardien sourcilleux d\u2019une ancienne et impressionnante culture celtique.<\/p>\n\n\n\n<figure class=\"wp-block-image size-full\"><a href=\"https:\/\/mloeudo7ye9b.i.optimole.com\/w:auto\/h:auto\/q:mauto\/f:best\/https:\/\/www.macgleo.com\/blog\/wp-content\/uploads\/2018\/08\/CartTerrroirsAOP-1.png\"><img data-opt-id=294309701  fetchpriority=\"high\" decoding=\"async\" width=\"850\" height=\"637\" src=\"https:\/\/mloeudo7ye9b.i.optimole.com\/w:auto\/h:auto\/q:mauto\/f:best\/https:\/\/www.macgleo.com\/blog\/wp-content\/uploads\/2018\/08\/CartTerrroirsAOP-1.png\" alt=\"\" class=\"wp-image-2424\" srcset=\"https:\/\/mloeudo7ye9b.i.optimole.com\/w:850\/h:637\/q:mauto\/f:best\/https:\/\/www.macgleo.com\/blog\/wp-content\/uploads\/2018\/08\/CartTerrroirsAOP-1.png 850w, https:\/\/mloeudo7ye9b.i.optimole.com\/w:300\/h:225\/q:mauto\/f:best\/https:\/\/www.macgleo.com\/blog\/wp-content\/uploads\/2018\/08\/CartTerrroirsAOP-1.png 300w, https:\/\/mloeudo7ye9b.i.optimole.com\/w:768\/h:576\/q:mauto\/f:best\/https:\/\/www.macgleo.com\/blog\/wp-content\/uploads\/2018\/08\/CartTerrroirsAOP-1.png 768w\" sizes=\"(max-width: 850px) 100vw, 850px\" \/><\/a><\/figure>\n\n\n\n<p><strong>Les Vall\u00e9es de l\u2019Aven et de la La\u00efta.<\/strong><\/p>\n\n\n\n<p>Les vall\u00e9es de l\u2019Aven et de la La\u00efta ont fait tr\u00e8s t\u00f4t l\u2019objet de recherches qui ont permis d\u2019y s\u00e9lectionner de c\u00e9l\u00e8bres vari\u00e9t\u00e9s de pommes \u00e0 cidre. Les Cornouailles y ont le doux \u00e9quilibre amertum\u00e9 de ses havres tranquilles.<\/p>\n\n\n\n<p><strong>Le Pays de Fouenant et la Vall\u00e9e de l&rsquo;Odet.<\/strong><\/p>\n\n\n\n<p>Il s\u2019\u00e9tend sur le canton de Fouenant, la vall\u00e9e de l\u2019Odet et le pays de Quimper. Le cidre de Fouenant se distingue par sa texture, sa force, sa \u00ab douce am\u00e8rtume \u00bb et sa couleur. Cela tient aux vari\u00e9t\u00e9s locales adapt\u00e9es \u00e0 un sol qui produit des pommes de grande qualit\u00e9.<\/p>\n\n\n\n<p><strong>Le Pays Bigouden.<\/strong><\/p>\n\n\n\n<p>Le terroir traverse le Pays Bigouden depuis l\u2018ouest de l\u2019Odet jusqu\u2019\u00e0 Pouldreuzic et la baie d\u2019Audierne. Le cidre y est le reflet d\u2019un pays rude, o\u00f9 la vie est partag\u00e9e entre l\u2019appel du large et la qui\u00e9tude de la campagne.<\/p>\n\n\n\n<p><strong>La Vall\u00e9e de l\u2019Aulne.<\/strong><\/p>\n\n\n\n<p>Le verger de la Vall\u00e9e de l\u2019Aulne, autrefois tr\u00e8s \u00e9tendu, au temps ou il approvisionnait Brest, abrite l\u2019abbaye de Landevenec, pilier religieux de la Cornouaille des origines. Le cidre y est plus vif sans cependant renier de la douceur amertum\u00e9e cornouaillaise.<\/p>\n\n\n\n<p>Pour aller plus loin : <br><a href=\"https:\/\/www.macgleo.com\/blog\/2020\/07\/01\/2020-aop-cornouaille-1\/\">2020-AOP Cornouaille \/ 1<\/a><br><a href=\"https:\/\/www.macgleo.com\/blog\/2020\/07\/08\/2020-aop-cornouaille-2\/\">2020-AOP Cornouaille \/ 2<\/a><br><a href=\"https:\/\/www.macgleo.com\/blog\/2020\/07\/26\/2020-aop-cornouaille-3\/\">2020-AOP Cornouaille \/ 3<\/a><\/p>\n","protected":false},"excerpt":{"rendered":"<p>Le cidre AOP Cornouaille est un produit unique. H\u00e9ritier du&nbsp;\u00ab meilleur cidre du monde \u00bb cher \u00e0 Frederic Le Guyader, il est&nbsp;issu d\u2019une longue tradition d\u2019excellence et d\u2019une recherche constante&hellip;&nbsp;<a href=\"https:\/\/www.macgleo.com\/blog\/2023\/07\/03\/aire-dappellation-aop-cornouaille\/\" rel=\"bookmark\">Lire la suite &raquo;<span class=\"screen-reader-text\">Aire d\u2019appellation AOP Cornouaille<\/span><\/a><\/p>\n","protected":false},"author":1,"featured_media":1689,"comment_status":"closed","ping_status":"open","sticky":false,"template":"","format":"standard","meta":{"neve_meta_sidebar":"","neve_meta_container":"","neve_meta_enable_content_width":"","neve_meta_content_width":0,"neve_meta_title_alignment":"","neve_meta_author_avatar":"","neve_post_elements_order":"","neve_meta_disable_header":"","neve_meta_disable_footer":"","neve_meta_disable_title":"","footnotes":""},"categories":[4],"tags":[],"class_list":["post-3363","post","type-post","status-publish","format-standard","has-post-thumbnail","hentry","category-cidre"],"_links":{"self":[{"href":"https:\/\/www.macgleo.com\/blog\/wp-json\/wp\/v2\/posts\/3363","targetHints":{"allow":["GET"]}}],"collection":[{"href":"https:\/\/www.macgleo.com\/blog\/wp-json\/wp\/v2\/posts"}],"about":[{"href":"https:\/\/www.macgleo.com\/blog\/wp-json\/wp\/v2\/types\/post"}],"author":[{"embeddable":true,"href":"https:\/\/www.macgleo.com\/blog\/wp-json\/wp\/v2\/users\/1"}],"replies":[{"embeddable":true,"href":"https:\/\/www.macgleo.com\/blog\/wp-json\/wp\/v2\/comments?post=3363"}],"version-history":[{"count":3,"href":"https:\/\/www.macgleo.com\/blog\/wp-json\/wp\/v2\/posts\/3363\/revisions"}],"predecessor-version":[{"id":3440,"href":"https:\/\/www.macgleo.com\/blog\/wp-json\/wp\/v2\/posts\/3363\/revisions\/3440"}],"wp:featuredmedia":[{"embeddable":true,"href":"https:\/\/www.macgleo.com\/blog\/wp-json\/wp\/v2\/media\/1689"}],"wp:attachment":[{"href":"https:\/\/www.macgleo.com\/blog\/wp-json\/wp\/v2\/media?parent=3363"}],"wp:term":[{"taxonomy":"category","embeddable":true,"href":"https:\/\/www.macgleo.com\/blog\/wp-json\/wp\/v2\/categories?post=3363"},{"taxonomy":"post_tag","embeddable":true,"href":"https:\/\/www.macgleo.com\/blog\/wp-json\/wp\/v2\/tags?post=3363"}],"curies":[{"name":"wp","href":"https:\/\/api.w.org\/{rel}","templated":true}]}}