{"id":3196,"date":"2022-03-14T16:00:23","date_gmt":"2022-03-14T15:00:23","guid":{"rendered":"https:\/\/www.macgleo.com\/blog\/?p=3196"},"modified":"2023-07-03T11:06:24","modified_gmt":"2023-07-03T09:06:24","slug":"3196","status":"publish","type":"post","link":"https:\/\/www.macgleo.com\/blog\/2022\/03\/14\/3196\/","title":{"rendered":"D\u00e9gustation du Sistrot &#8211; 10 mars 2022"},"content":{"rendered":"\n<p><strong><em>Lorsque nous avons programm\u00e9 cette d\u00e9gustation, nous nous r\u00e9jouissions de sortir enfin de l\u2019incertitude covidesque qui nous g\u00e2chait trop souvent le plaisir. H\u00e9las c\u2019est <strong><em>depuis<\/em><\/strong><\/em><\/strong> <strong><em>un tout autre fl\u00e9au qui s\u2019est lev\u00e9 \u00e0 l\u2019Est de l\u2019Europe. De notre petit coin de Cornouaille nous sommes impuissants \u00e0 peser sur le cours des \u00e9v\u00e9nements. Tout juste peut-on si nous le pouvons, manifester notre solidarit\u00e9 et offrant des produits de premi\u00e8re n\u00e9cessit\u00e9, en les portant pour les uns sur une fronti\u00e8re ou <strong><em>pour les autres<\/em><\/strong><\/em><\/strong> <strong><em>en accueillant des r\u00e9fugi\u00e9s. Notre petite assembl\u00e9e s\u2019est modestement joint \u00e0 ce mouvement en ajoutant \u00e0 son programme du jour un cidre venu d\u2019Ukraine car oui, ce beau pays est \u00e9galement un pays du cidre.&nbsp;<\/em><\/strong><\/p>\n\n\n<div class=\"wp-block-image\">\n<figure class=\"alignleft size-full is-resized\"><a href=\"https:\/\/mloeudo7ye9b.i.optimole.com\/w:auto\/h:auto\/q:mauto\/f:best\/https:\/\/www.macgleo.com\/blog\/wp-content\/uploads\/2022\/03\/Groupe-1.jpg\"><img data-opt-id=420699433  fetchpriority=\"high\" decoding=\"async\" src=\"https:\/\/mloeudo7ye9b.i.optimole.com\/w:auto\/h:auto\/q:mauto\/f:best\/https:\/\/www.macgleo.com\/blog\/wp-content\/uploads\/2022\/03\/Groupe-1.jpg\" alt=\"\" class=\"wp-image-3221\" width=\"425\" height=\"425\" srcset=\"https:\/\/mloeudo7ye9b.i.optimole.com\/w:850\/h:850\/q:mauto\/f:best\/https:\/\/www.macgleo.com\/blog\/wp-content\/uploads\/2022\/03\/Groupe-1.jpg 850w, https:\/\/mloeudo7ye9b.i.optimole.com\/w:300\/h:300\/q:mauto\/f:best\/https:\/\/www.macgleo.com\/blog\/wp-content\/uploads\/2022\/03\/Groupe-1.jpg 300w, https:\/\/mloeudo7ye9b.i.optimole.com\/w:150\/h:150\/q:mauto\/f:best\/https:\/\/www.macgleo.com\/blog\/wp-content\/uploads\/2022\/03\/Groupe-1.jpg 150w, https:\/\/mloeudo7ye9b.i.optimole.com\/w:768\/h:768\/q:mauto\/f:best\/https:\/\/www.macgleo.com\/blog\/wp-content\/uploads\/2022\/03\/Groupe-1.jpg 768w\" sizes=\"(max-width: 425px) 100vw, 425px\" \/><\/a><\/figure>\n<\/div>\n\n\n<p><strong>Ad Astra &#8211; Poir\u00e9 &#8211; Antoine Marois &#8211; Cambremer &#8211; 75 cl &#8211; (?)%vol.<\/strong><\/p>\n\n\n\n<p>Probablement un de ces essais non commercialis\u00e9 qui arrive au Sistrot afin d\u2019encourir le jugement de notre honorable r\u00e9union. Ici nous connaissons l\u2019auteur et savons qu\u2019il s\u2019agit de poir\u00e9, mais pour le reste nous verrons bien. Au service la p\u00e2leur attendue d\u2019un poir\u00e9 est bien l\u00e0, un peu voil\u00e9e cependant surtout en fond de bouteille, nous indiquant que le produit n\u2019est pas filtr\u00e9. Au nez c\u2019est assez \u00e9volu\u00e9 avec des notes biscuit\u00e9es qui masque la poire. En bouche c\u2019est conforme \u00e0 la promesse du nez, \u00e9quilibr\u00e9 avec une dominante acidul\u00e9e et un soup\u00e7on d\u2019astringence, mais cela manque de corps et la finale ne tient pas longtemps.<\/p>\n\n\n\n<p><strong>Casus Belli 2020 &#8211; cidre tranquille &#8211; Antoine Marois &#8211; Cambremer &#8211; 75 cl &#8211; 7%vol.<\/strong><\/p>\n\n\n\n<p>Joli service et belle pr\u00e9sentation habillant le verre de courtes larmes. Le nez est assez discret, mais au bout d\u2019un court moment vient une min\u00e9ralit\u00e9 fum\u00e9e avec de douces notes de pommes. La bouche est bien \u00e9quilibr\u00e9e avec de l\u2019acidit\u00e9 initiale laissant doucement monter l\u2019amertume. Il y a juste ce qu\u2019il faut de corps, de la longueur et l\u2019expression d\u2019un tr\u00e8s beau travail. On regrettera, sans aucune v\u00e9h\u00e9mence, qu\u2019il ne soit pas un tout petit peu plus charnu. Casus belli signifie litt\u00e9ralement \u201ccas de guerre\u201d et d\u00e9signe normalement un acte de nature \u00e0 motiver une d\u00e9claration de guerre. Loin de tout cela ici et ce cidre tranquille n\u2019a caus\u00e9 aucun d\u00e9saccord dans l\u2019assembl\u00e9e.<\/p>\n\n\n<div class=\"wp-block-image\">\n<figure class=\"alignleft size-full is-resized\"><a href=\"https:\/\/mloeudo7ye9b.i.optimole.com\/w:auto\/h:auto\/q:mauto\/f:best\/https:\/\/www.macgleo.com\/blog\/wp-content\/uploads\/2022\/03\/Groupe2.jpg\"><img data-opt-id=1630289717  fetchpriority=\"high\" decoding=\"async\" src=\"https:\/\/mloeudo7ye9b.i.optimole.com\/w:auto\/h:auto\/q:mauto\/f:best\/https:\/\/www.macgleo.com\/blog\/wp-content\/uploads\/2022\/03\/Groupe2.jpg\" alt=\"\" class=\"wp-image-3224\" width=\"638\" height=\"638\" srcset=\"https:\/\/mloeudo7ye9b.i.optimole.com\/w:850\/h:850\/q:mauto\/f:best\/https:\/\/www.macgleo.com\/blog\/wp-content\/uploads\/2022\/03\/Groupe2.jpg 850w, https:\/\/mloeudo7ye9b.i.optimole.com\/w:300\/h:300\/q:mauto\/f:best\/https:\/\/www.macgleo.com\/blog\/wp-content\/uploads\/2022\/03\/Groupe2.jpg 300w, https:\/\/mloeudo7ye9b.i.optimole.com\/w:150\/h:150\/q:mauto\/f:best\/https:\/\/www.macgleo.com\/blog\/wp-content\/uploads\/2022\/03\/Groupe2.jpg 150w, https:\/\/mloeudo7ye9b.i.optimole.com\/w:768\/h:768\/q:mauto\/f:best\/https:\/\/www.macgleo.com\/blog\/wp-content\/uploads\/2022\/03\/Groupe2.jpg 768w\" sizes=\"(max-width: 638px) 100vw, 638px\" \/><\/a><\/figure>\n<\/div>\n\n\n<p><strong>Renard 2.0 &#8211; 75 cl.<\/strong><\/p>\n\n\n\n<p>Sans autre signe distinctif que le nom commun des canid\u00e9s <em>Vulpes vulpes, <\/em>un goupil fac\u00e9tieux, Normand semble t\u2019il, a laiss\u00e9 cette bouteille au Sistrot. Une ruse qui lui permettra de se reconna\u00eetre. Le service est superbe, du moins pour les premiers verres car l\u00e0 encore ce n\u2019est pas filtr\u00e9, avec un bel effet de mousse et une jolie couleur dor\u00e9e. Au nez, sur une pomme une peu \u00e9volu\u00e9e, une senteur de poivre monte imm\u00e9diatement. Et cela se confirme en bouche, le poivre titille les papilles. L\u2019ensemble est bien \u00e9quilibr\u00e9 avec de la fra\u00eecheur, du fruit et de la longueur poivr\u00e9e. Du fond de son terrier, le renard a bien travaill\u00e9, dommage qu\u2019il s\u2019y cache.<\/p>\n\n\n<div class=\"wp-block-image\">\n<figure class=\"aligncenter size-full is-resized\"><a href=\"https:\/\/mloeudo7ye9b.i.optimole.com\/w:auto\/h:auto\/q:mauto\/f:best\/https:\/\/www.macgleo.com\/blog\/wp-content\/uploads\/2022\/03\/20220310_Sistrot02.jpg\"><img data-opt-id=613073803  fetchpriority=\"high\" decoding=\"async\" src=\"https:\/\/mloeudo7ye9b.i.optimole.com\/w:auto\/h:auto\/q:mauto\/f:best\/https:\/\/www.macgleo.com\/blog\/wp-content\/uploads\/2022\/03\/20220310_Sistrot02.jpg\" alt=\"\" class=\"wp-image-3227\" width=\"638\" height=\"359\" srcset=\"https:\/\/mloeudo7ye9b.i.optimole.com\/w:850\/h:478\/q:mauto\/f:best\/https:\/\/www.macgleo.com\/blog\/wp-content\/uploads\/2022\/03\/20220310_Sistrot02.jpg 850w, https:\/\/mloeudo7ye9b.i.optimole.com\/w:300\/h:169\/q:mauto\/f:best\/https:\/\/www.macgleo.com\/blog\/wp-content\/uploads\/2022\/03\/20220310_Sistrot02.jpg 300w, https:\/\/mloeudo7ye9b.i.optimole.com\/w:768\/h:432\/q:mauto\/f:best\/https:\/\/www.macgleo.com\/blog\/wp-content\/uploads\/2022\/03\/20220310_Sistrot02.jpg 768w\" sizes=\"(max-width: 638px) 100vw, 638px\" \/><\/a><figcaption class=\"wp-element-caption\"><em>Belle affluence pour cette session avec Erwan Gire du Sistrot au commande.<\/em><\/figcaption><\/figure>\n<\/div>\n\n\n<p><strong>Chute de barrique &#8211; cuv\u00e9e sp\u00e9ciale de l\u2019Apothicaire &#8211;&nbsp; Clohars Carno\u00ebt &#8211; 75 cl &#8211; 5%vol.<\/strong><\/p>\n\n\n\n<p>Un cidre \u00e0 la pr\u00e9sentation rustique assum\u00e9e avec une bouteille o\u00f9 le d\u00e9p\u00f4t se remarque un peu. SI les derniers verres tir\u00e9s du flacon sont un peu troubles, le service est agr\u00e9able avec un bel effet de mousse et une belle couleur dor\u00e9e. La prise de mousse naturelle donne comme attendu un nez pr\u00e9sent, rustique voir \u00e9volu\u00e9, avec de la pomme, du f\u00fbt et les parfums caract\u00e9ristiques des vergers locaux. En bouche c\u2019est fruit\u00e9, un peu gras et \u00e9quilibr\u00e9 \u00e0 la mani\u00e8re des cidres traditionnels de ces campagnes. On regrettera seulement un petit manque de charpente raccourcissant d\u2019autant la fin de bouche.<\/p>\n\n\n<div class=\"wp-block-image\">\n<figure class=\"alignleft size-full is-resized\"><a href=\"https:\/\/mloeudo7ye9b.i.optimole.com\/w:auto\/h:auto\/q:mauto\/f:best\/https:\/\/www.macgleo.com\/blog\/wp-content\/uploads\/2022\/03\/Groupe3.jpg\"><img data-opt-id=719260114  decoding=\"async\" src=\"https:\/\/mloeudo7ye9b.i.optimole.com\/w:auto\/h:auto\/q:mauto\/f:best\/https:\/\/www.macgleo.com\/blog\/wp-content\/uploads\/2022\/03\/Groupe3.jpg\" alt=\"\" class=\"wp-image-3229\" width=\"638\" height=\"638\" srcset=\"https:\/\/mloeudo7ye9b.i.optimole.com\/w:850\/h:850\/q:mauto\/f:best\/https:\/\/www.macgleo.com\/blog\/wp-content\/uploads\/2022\/03\/Groupe3.jpg 850w, https:\/\/mloeudo7ye9b.i.optimole.com\/w:300\/h:300\/q:mauto\/f:best\/https:\/\/www.macgleo.com\/blog\/wp-content\/uploads\/2022\/03\/Groupe3.jpg 300w, https:\/\/mloeudo7ye9b.i.optimole.com\/w:150\/h:150\/q:mauto\/f:best\/https:\/\/www.macgleo.com\/blog\/wp-content\/uploads\/2022\/03\/Groupe3.jpg 150w, https:\/\/mloeudo7ye9b.i.optimole.com\/w:768\/h:768\/q:mauto\/f:best\/https:\/\/www.macgleo.com\/blog\/wp-content\/uploads\/2022\/03\/Groupe3.jpg 768w\" sizes=\"(max-width: 638px) 100vw, 638px\" \/><\/a><\/figure>\n<\/div>\n\n\n<p><strong>Extra-brut \u00e0 la fleur de houblon 2020 &#8211; Ferme de Beau-soleil &#8211; Matignon &#8211; 75 cl &#8211; 7%vol.<\/strong><\/p>\n\n\n\n<p>Sympathique \u00e9tiquette \u201cVintage\u201d et belle pr\u00e9sentation au service. Comme quelques uns des \u00e9chantillons pr\u00e9c\u00e9dents, la fin de la bouteille et un peu troubl\u00e9e. Au nez le houblon est \u00e9videmment pr\u00e9sent et domine la pomme alors que passent \u00e0 intervalles de petites effluves savonn\u00e9es. La bouche est est \u00e9tonnamment sucr\u00e9e acidul\u00e9e pour un extra-brut. Le houblon est bien pr\u00e9sent, mais s\u2019efface rapidement. La finale assez courte confirme le pommage utilis\u00e9 entre fruits doux et acidul\u00e9s et laisse une curieuse petite impression savonn\u00e9e.<\/p>\n\n\n<div class=\"wp-block-image\">\n<figure class=\"aligncenter size-full is-resized\"><a href=\"https:\/\/mloeudo7ye9b.i.optimole.com\/w:auto\/h:auto\/q:mauto\/f:best\/https:\/\/www.macgleo.com\/blog\/wp-content\/uploads\/2022\/03\/20220310_Sistrot12.jpg\"><img data-opt-id=1255271934  decoding=\"async\" src=\"https:\/\/mloeudo7ye9b.i.optimole.com\/w:auto\/h:auto\/q:mauto\/f:best\/https:\/\/www.macgleo.com\/blog\/wp-content\/uploads\/2022\/03\/20220310_Sistrot12.jpg\" alt=\"\" class=\"wp-image-3231\" width=\"638\" height=\"239\" srcset=\"https:\/\/mloeudo7ye9b.i.optimole.com\/w:850\/h:319\/q:mauto\/f:best\/https:\/\/www.macgleo.com\/blog\/wp-content\/uploads\/2022\/03\/20220310_Sistrot12.jpg 850w, https:\/\/mloeudo7ye9b.i.optimole.com\/w:300\/h:113\/q:mauto\/f:best\/https:\/\/www.macgleo.com\/blog\/wp-content\/uploads\/2022\/03\/20220310_Sistrot12.jpg 300w, https:\/\/mloeudo7ye9b.i.optimole.com\/w:768\/h:288\/q:mauto\/f:best\/https:\/\/www.macgleo.com\/blog\/wp-content\/uploads\/2022\/03\/20220310_Sistrot12.jpg 768w\" sizes=\"(max-width: 638px) 100vw, 638px\" \/><\/a><figcaption class=\"wp-element-caption\"><em>Pas toujours facile de lire les contre-\u00e9tiquettes.<\/em><\/figcaption><\/figure>\n<\/div>\n\n\n<p><strong>Le jardin de la Reine &#8211; Domaine Sicera &#8211; Eturqueraye &#8211; 75 cl &#8211; 10%vol.<\/strong><\/p>\n\n\n\n<p>Il est toujours agr\u00e9able pour une maison cidricole de s\u2019appuyer sur une tradition bien \u00e9tablie et le Domaine Sicera peut se flatter d\u2019un fuit \u00e0 cidre, la pomme Caillouel, d\u00e9couverta en 1886 par l\u2019a\u00efeul de l\u2019actuel producteur. Notre flacon cependant n\u2019en contient pas, c&rsquo;est un monovari\u00e9tal de Petit Jaune, vieilli 6 mois en f\u00fbt de \u201cchenin\u201d du Val de Loire. La pr\u00e9sentation est impeccable&nbsp; avec un bel effet de mousse et des bulles agiles. Le nez est puissant, min\u00e9ral et laisse peu de place au fruit. En bouche c\u2019est sec et acidul\u00e9 avec cependant suffisamment de corps. parfaitement ex\u00e9cut\u00e9, ce cidre fait penser \u00e0 un vin voir un cr\u00e9mant de pommes et se rapproche de quelques productions du Pays d\u2019Othe. C\u2019est \u00e9videmment \u00e0 conseiller avec les poissons et fruits de mer.<\/p>\n\n\n<div class=\"wp-block-image\">\n<figure class=\"aligncenter size-full is-resized\"><a href=\"https:\/\/mloeudo7ye9b.i.optimole.com\/w:auto\/h:auto\/q:mauto\/f:best\/https:\/\/www.macgleo.com\/blog\/wp-content\/uploads\/2022\/03\/Groupe-4.jpg\"><img data-opt-id=1355548635  decoding=\"async\" src=\"https:\/\/mloeudo7ye9b.i.optimole.com\/w:auto\/h:auto\/q:mauto\/f:best\/https:\/\/www.macgleo.com\/blog\/wp-content\/uploads\/2022\/03\/Groupe-4.jpg\" alt=\"\" class=\"wp-image-3233\" width=\"635\" height=\"635\" srcset=\"https:\/\/mloeudo7ye9b.i.optimole.com\/w:850\/h:850\/q:mauto\/f:best\/https:\/\/www.macgleo.com\/blog\/wp-content\/uploads\/2022\/03\/Groupe-4.jpg 850w, https:\/\/mloeudo7ye9b.i.optimole.com\/w:300\/h:300\/q:mauto\/f:best\/https:\/\/www.macgleo.com\/blog\/wp-content\/uploads\/2022\/03\/Groupe-4.jpg 300w, https:\/\/mloeudo7ye9b.i.optimole.com\/w:150\/h:150\/q:mauto\/f:best\/https:\/\/www.macgleo.com\/blog\/wp-content\/uploads\/2022\/03\/Groupe-4.jpg 150w, https:\/\/mloeudo7ye9b.i.optimole.com\/w:768\/h:768\/q:mauto\/f:best\/https:\/\/www.macgleo.com\/blog\/wp-content\/uploads\/2022\/03\/Groupe-4.jpg 768w\" sizes=\"(max-width: 635px) 100vw, 635px\" \/><\/a><\/figure>\n<\/div>\n\n\n<p><strong>Ice-cider &#8211; Berryland &#8211; Kyiv (Ukraine) &#8211; 75 cl &#8211; 7,5%vol.<\/strong><\/p>\n\n\n\n<p>Le producteur Vitalii Karvyha est un \u0153nologue Ukrainien de grande r\u00e9putation qui travaille aussi bien la pomme que le miel. Il se trouvait \u00e0 Varsovie pour le \u201cMead Madness Cup\u201d avec le Concarnois Sylvain Le Cras qui nous a rapport\u00e9 cette bouteille, lorsque les Russes ont envahi son pays. C\u2019est peu de chose, mais il nous a sembl\u00e9 qu\u2019il fallait que nous d\u00e9gustions son cidre de glace afin de lui t\u00e9moigner notre soutien. Il s\u2019agit la d\u2019une interpr\u00e9tation douce de cette sp\u00e9cialit\u00e9 canadienne, Vitalii Karvyha s\u2019attachant \u00e0 produire des boissons \u00e0 la fois peu alcoolis\u00e9es et savoureuses. Au service cela donne de jolis verres habill\u00e9s de couleur paille. Au nez la pomme cuite propose des senteurs flatteuses de tatin juste sortie du four. La bouche, douce et \u00e9quilibr\u00e9e apporte des notes de miel sur un fond d\u00e9licatement citronn\u00e9. Une tr\u00e8s belle r\u00e9alisation qui d\u00e9montre toute la ma\u00eetrise du producteur.&nbsp;<\/p>\n\n\n<div class=\"wp-block-image\">\n<figure class=\"aligncenter size-full is-resized\"><a href=\"https:\/\/mloeudo7ye9b.i.optimole.com\/w:auto\/h:auto\/q:mauto\/f:best\/https:\/\/www.macgleo.com\/blog\/wp-content\/uploads\/2022\/03\/20220310_Sistrot14.jpg\"><img data-opt-id=427457051  decoding=\"async\" src=\"https:\/\/mloeudo7ye9b.i.optimole.com\/w:auto\/h:auto\/q:mauto\/f:best\/https:\/\/www.macgleo.com\/blog\/wp-content\/uploads\/2022\/03\/20220310_Sistrot14.jpg\" alt=\"\" class=\"wp-image-3236\" width=\"638\" height=\"119\" srcset=\"https:\/\/mloeudo7ye9b.i.optimole.com\/w:850\/h:159\/q:mauto\/f:best\/https:\/\/www.macgleo.com\/blog\/wp-content\/uploads\/2022\/03\/20220310_Sistrot14.jpg 850w, https:\/\/mloeudo7ye9b.i.optimole.com\/w:300\/h:56\/q:mauto\/f:best\/https:\/\/www.macgleo.com\/blog\/wp-content\/uploads\/2022\/03\/20220310_Sistrot14.jpg 300w, https:\/\/mloeudo7ye9b.i.optimole.com\/w:768\/h:144\/q:mauto\/f:best\/https:\/\/www.macgleo.com\/blog\/wp-content\/uploads\/2022\/03\/20220310_Sistrot14.jpg 768w\" sizes=\"(max-width: 638px) 100vw, 638px\" \/><\/a><\/figure>\n<\/div>\n\n\n<p>Ce fut une belle soir\u00e9e, ponctu\u00e9e comme dans une certaine bande dessin\u00e9e, d&rsquo;un repas anim\u00e9 qui nous a permis de visiter la nouvelle carte du Sistrot. Remerciements \u00e0 Erwan Gire du Sistrot qui officiait en maitre de c\u00e9r\u00e9monie, \u00e0 Ronan Gire revenu pour un soir sur le th\u00e9\u00e2tre de son activisme cidricole, \u00e0 Sylvain le Cras de l&rsquo;hydromelerie \u00d4 la Butine, \u00e0 Erwan Le Loupp de la Cidrerie de Ponterec, \u00e0 Messieurs Brigant p\u00e8re &amp; fils, exceptionnels repr\u00e9sentants du cidre amateur en Pays Bigouden, \u00e0 Christian Toullec de la Cidrerie Melenig, \u00e0 Claude Le Brun cidrier amateur et harpiste \u00e9m\u00e9rite. La soir\u00e9e \u00e9tait \u00e9videmment d\u00e9di\u00e9e \u00e0 l&rsquo;Ukraine et \u00e0 Vitalii Karvyha que nous esp\u00e9rons tous savoir bient\u00f4t en paix autour de ses abeilles et pommiers.<\/p>\n\n\n\n<p><\/p>\n","protected":false},"excerpt":{"rendered":"<p>Lorsque nous avons programm\u00e9 cette d\u00e9gustation, nous nous r\u00e9jouissions de sortir enfin de l\u2019incertitude covidesque qui nous g\u00e2chait trop souvent le plaisir. H\u00e9las c\u2019est depuis un tout autre fl\u00e9au qui&hellip;&nbsp;<a href=\"https:\/\/www.macgleo.com\/blog\/2022\/03\/14\/3196\/\" rel=\"bookmark\">Lire la suite &raquo;<span class=\"screen-reader-text\">D\u00e9gustation du Sistrot &#8211; 10 mars 2022<\/span><\/a><\/p>\n","protected":false},"author":1,"featured_media":3201,"comment_status":"closed","ping_status":"open","sticky":false,"template":"","format":"standard","meta":{"neve_meta_sidebar":"","neve_meta_container":"","neve_meta_enable_content_width":"","neve_meta_content_width":0,"neve_meta_title_alignment":"","neve_meta_author_avatar":"","neve_post_elements_order":"","neve_meta_disable_header":"","neve_meta_disable_footer":"","neve_meta_disable_title":"","footnotes":""},"categories":[4],"tags":[],"class_list":["post-3196","post","type-post","status-publish","format-standard","has-post-thumbnail","hentry","category-cidre"],"_links":{"self":[{"href":"https:\/\/www.macgleo.com\/blog\/wp-json\/wp\/v2\/posts\/3196","targetHints":{"allow":["GET"]}}],"collection":[{"href":"https:\/\/www.macgleo.com\/blog\/wp-json\/wp\/v2\/posts"}],"about":[{"href":"https:\/\/www.macgleo.com\/blog\/wp-json\/wp\/v2\/types\/post"}],"author":[{"embeddable":true,"href":"https:\/\/www.macgleo.com\/blog\/wp-json\/wp\/v2\/users\/1"}],"replies":[{"embeddable":true,"href":"https:\/\/www.macgleo.com\/blog\/wp-json\/wp\/v2\/comments?post=3196"}],"version-history":[{"count":37,"href":"https:\/\/www.macgleo.com\/blog\/wp-json\/wp\/v2\/posts\/3196\/revisions"}],"predecessor-version":[{"id":3365,"href":"https:\/\/www.macgleo.com\/blog\/wp-json\/wp\/v2\/posts\/3196\/revisions\/3365"}],"wp:featuredmedia":[{"embeddable":true,"href":"https:\/\/www.macgleo.com\/blog\/wp-json\/wp\/v2\/media\/3201"}],"wp:attachment":[{"href":"https:\/\/www.macgleo.com\/blog\/wp-json\/wp\/v2\/media?parent=3196"}],"wp:term":[{"taxonomy":"category","embeddable":true,"href":"https:\/\/www.macgleo.com\/blog\/wp-json\/wp\/v2\/categories?post=3196"},{"taxonomy":"post_tag","embeddable":true,"href":"https:\/\/www.macgleo.com\/blog\/wp-json\/wp\/v2\/tags?post=3196"}],"curies":[{"name":"wp","href":"https:\/\/api.w.org\/{rel}","templated":true}]}}