{"id":318,"date":"2012-11-01T14:22:26","date_gmt":"2012-11-01T13:22:26","guid":{"rendered":"http:\/\/www.macgleo.com\/blog\/?p=318"},"modified":"2012-11-05T20:22:59","modified_gmt":"2012-11-05T19:22:59","slug":"un-recueil-a-paraitre-fin-novembre","status":"publish","type":"post","link":"https:\/\/www.macgleo.com\/blog\/2012\/11\/01\/un-recueil-a-paraitre-fin-novembre\/","title":{"rendered":"Un recueil \u00e0 para\u00eetre fin novembre"},"content":{"rendered":"<p><strong>CONTES ET HISTOIRES DU PAYS DU CIDRE<\/strong><\/p>\n<p>\u2022 Un recueil in\u00e9dit de contes et d\u2019histoires des vergers de Cornouaille et d&rsquo;ailleurs, collect\u00e9s au gr\u00e9 des \u00e9v\u00e9nements cidricoles en Bretagne.<br \/>\nFormat : 13,2 x 18 cm &#8211; 128 pages &#8211; Prix public : 10 \u20ac &#8211; Distribution : Coop Breizh (en librairie \u00e0 partir de la fin novembre 2012).<\/p>\n<p>\u2022 Le livre m\u00eale des histoires d\u2019aujourd\u2019hui,\u00a0 des contes h\u00e9rit\u00e9s du pass\u00e9 et pr\u00e9sente en vingt-cinq textes les joies et les peines des paysans qui le produisent, les m\u00e9saventures des buveurs excessifs, la r\u00e9colte des pommes, la press\u00e9e, les l\u00e9gendes du verger, les secrets cach\u00e9s derri\u00e8re le nom de chaque pomme \u00e0 cidre.<\/p>\n<p>\u2022 Avec ses r\u00e9cits collect\u00e9s \u00e0 la source d\u2019une tradition orale toujours vivace, il est l\u2019illustration de la richesse des cidres de terroir. Des anciens cidriers on dit qu&rsquo;ils \u00e9taient s\u00fbrs de produire le meilleur cidre du monde, mais qu&rsquo;ils \u00e9taient \u00e9galement <em>goaper<\/em> (moqueur) et que leurs histoires comptent pour beaucoup dans l\u2019inimitable saveur de leur cidre.<\/p>\n<p style=\"text-align: left;\">\u2022\u00a0 Extrait<br \/>\n<em>\u2026. Le cidre \u00e9tait bon et son prodigieux bouquet inspira un d\u00e9bat qui enfla au<\/em><em> point d\u2019envahir le v\u00e9n\u00e9rable b\u00e2timent et faire concurrence \u00e0 l\u2019ombre de Loeiz<\/em><em> dansant \u00e0 perdre haleine sur les murs et se glissant entre les \u00e9clats de voix.<\/em><br \/>\n<em>En ma\u00eetre de c\u00e9r\u00e9monie, il allait d\u2019un verre \u00e0 l\u2019autre remplir inlassablement leur<\/em><em> profondeur insondable et tournicotait sans cesse tel un derviche \u00e9gar\u00e9 au sud de la<\/em><em> Cornouaille. Cette agitation fr\u00e9n\u00e9tique lui permit d\u2019\u00eatre le seul \u00e0 ne pas souffrir<\/em><em> de la singuli\u00e8re fracture inflig\u00e9e \u00e0 la fra\u00eecheur fruit\u00e9e du chai, o\u00f9 l\u2019\u00e9change vif et<\/em><em> bien charpent\u00e9, vit deux clans se former.<\/em><br \/>\n<em>Sur une rang\u00e9e de f\u00fbts, les tenants du c\u2019hwero le plus sec, d\u00e9fendaient l\u2019oeil \u00e9grillard<\/em><em> la tradition classique du m\u00e2le dominant. Sur la rang\u00e9e d\u2019en face, les amateurs de<\/em><em> trao\u00f9-dous, vantaient avec une extr\u00eame v\u00e9h\u00e9mence les m\u00e9rites d\u2019un matriarcat<\/em><em> breton m\u00e2tin\u00e9 de philosophies orientales.<\/em><br \/>\n<em>Nul ne sait si le Graal, au matin radieux, s\u2019offrit aux amants \u00e9gar\u00e9s sur la dune,<\/em><em> car les participants n\u2019ont gard\u00e9 de la joute qu\u2019un souvenir diffus. Le ma\u00eetre de la<\/em><em> ferme par contre, se souvient encore parfaitement avoir constat\u00e9 le lendemain, la<\/em><em> r\u00e9sonance bien creuse de plusieurs barriques.<\/em><\/p>\n<p style=\"text-align: left;\"><em>Le derviche du chai<\/em><\/p>\n<p style=\"text-align: left;\"><a href=\"https:\/\/mloeudo7ye9b.i.optimole.com\/w:auto\/h:auto\/q:mauto\/f:best\/http:\/\/www.macgleo.com\/blog\/wp-content\/uploads\/2012\/11\/carricature.jpg\"><img data-opt-id=1967149817  fetchpriority=\"high\" decoding=\"async\" class=\"wp-image-323 alignnone\" title=\"carricature\" src=\"https:\/\/mloeudo7ye9b.i.optimole.com\/w:147\/h:150\/q:mauto\/f:best\/http:\/\/www.macgleo.com\/blog\/wp-content\/uploads\/2012\/11\/carricature.jpg\" alt=\"caricature mark gleonec\" width=\"147\" height=\"150\" \/><\/a><\/p>\n<p style=\"text-align: left;\">Mark Gleonec<\/p>\n","protected":false},"excerpt":{"rendered":"<p>CONTES ET HISTOIRES DU PAYS DU CIDRE \u2022 Un recueil in\u00e9dit de contes et d\u2019histoires des vergers de Cornouaille et d&rsquo;ailleurs, collect\u00e9s au gr\u00e9 des \u00e9v\u00e9nements cidricoles en Bretagne. Format&hellip;&nbsp;<a href=\"https:\/\/www.macgleo.com\/blog\/2012\/11\/01\/un-recueil-a-paraitre-fin-novembre\/\" rel=\"bookmark\">Lire la suite &raquo;<span class=\"screen-reader-text\">Un recueil \u00e0 para\u00eetre fin novembre<\/span><\/a><\/p>\n","protected":false},"author":1,"featured_media":0,"comment_status":"open","ping_status":"open","sticky":false,"template":"","format":"standard","meta":{"neve_meta_sidebar":"","neve_meta_container":"","neve_meta_enable_content_width":"","neve_meta_content_width":0,"neve_meta_title_alignment":"","neve_meta_author_avatar":"","neve_post_elements_order":"","neve_meta_disable_header":"","neve_meta_disable_footer":"","neve_meta_disable_title":"","footnotes":""},"categories":[7],"tags":[],"class_list":["post-318","post","type-post","status-publish","format-standard","hentry","category-contes"],"_links":{"self":[{"href":"https:\/\/www.macgleo.com\/blog\/wp-json\/wp\/v2\/posts\/318","targetHints":{"allow":["GET"]}}],"collection":[{"href":"https:\/\/www.macgleo.com\/blog\/wp-json\/wp\/v2\/posts"}],"about":[{"href":"https:\/\/www.macgleo.com\/blog\/wp-json\/wp\/v2\/types\/post"}],"author":[{"embeddable":true,"href":"https:\/\/www.macgleo.com\/blog\/wp-json\/wp\/v2\/users\/1"}],"replies":[{"embeddable":true,"href":"https:\/\/www.macgleo.com\/blog\/wp-json\/wp\/v2\/comments?post=318"}],"version-history":[{"count":22,"href":"https:\/\/www.macgleo.com\/blog\/wp-json\/wp\/v2\/posts\/318\/revisions"}],"predecessor-version":[{"id":340,"href":"https:\/\/www.macgleo.com\/blog\/wp-json\/wp\/v2\/posts\/318\/revisions\/340"}],"wp:attachment":[{"href":"https:\/\/www.macgleo.com\/blog\/wp-json\/wp\/v2\/media?parent=318"}],"wp:term":[{"taxonomy":"category","embeddable":true,"href":"https:\/\/www.macgleo.com\/blog\/wp-json\/wp\/v2\/categories?post=318"},{"taxonomy":"post_tag","embeddable":true,"href":"https:\/\/www.macgleo.com\/blog\/wp-json\/wp\/v2\/tags?post=318"}],"curies":[{"name":"wp","href":"https:\/\/api.w.org\/{rel}","templated":true}]}}