{"id":3085,"date":"2021-05-02T15:53:43","date_gmt":"2021-05-02T13:53:43","guid":{"rendered":"https:\/\/www.macgleo.com\/blog\/?p=3085"},"modified":"2023-07-03T10:34:57","modified_gmt":"2023-07-03T08:34:57","slug":"portrait-de-pomme-rkbi02","status":"publish","type":"post","link":"https:\/\/www.macgleo.com\/blog\/2021\/05\/02\/portrait-de-pomme-rkbi02\/","title":{"rendered":"Portrait de pomme &#8211; Rous koumoul bihan"},"content":{"rendered":"\n<p><em><strong>Cette vari\u00e9t\u00e9 n\u2019est ni en voie d\u2019extinction, ni trop affect\u00e9e par le changement climatique. C\u2019est une pomme appr\u00e9ci\u00e9e dont il faut cependant v\u00e9rifier le pH<\/strong>(1)<strong>. R\u00e9put\u00e9e originaire du Pays Fouenantais, ses fruits sont souvent ronds, de calibre moyen et se pr\u00e9sentent en sorte de grappes le long des branches, ce qui est assez sympathique.<\/strong><\/em><\/p>\n\n\n\n<p>Les arbres sont rustiques, plut\u00f4t vigoureux et \u00e9rig\u00e9s. La productivit\u00e9 est bonne, mais assez marqu\u00e9e par l\u2019alternance. La floraison intervient d\u00e9but mai et les fruits arrivent \u00e0 maturit\u00e9 tardivement, au plus t\u00f4t \u00e0 partir de la mi-octobre.<\/p>\n\n\n\n<p>C\u2019est une vari\u00e9t\u00e9 douce-am\u00e8re, comme g\u00e9n\u00e9ralement en Pays Fouenantais. Le rendement sous la presse est dans la bonne moyenne, la densit\u00e9 est bonne, le jus est color\u00e9, sucr\u00e9, avec des saveurs et une pointe d\u2019acidit\u00e9 agr\u00e9ables. Quelques cidriers l\u2019utilisent d\u2019ailleurs, en assemblage, dans leur jus de pomme. Elle participe \u00e9galement \u00e0 l\u2019\u00e9laboration d\u2019excellents cidres. Son jus est r\u00e9put\u00e9 permettre une belle clarification, ainsi que le notait d\u00e9j\u00e0 en fin de XIX<sup>e<\/sup> si\u00e8cle J.F. Crochetelle, qui la classait parmi les meilleures vari\u00e9t\u00e9s du cru local.<\/p>\n\n\n<div class=\"wp-block-image\">\n<figure class=\"aligncenter size-full\"><a href=\"https:\/\/mloeudo7ye9b.i.optimole.com\/w:auto\/h:auto\/q:mauto\/f:best\/https:\/\/www.macgleo.com\/blog\/wp-content\/uploads\/2021\/05\/06_20160521RousKBras.jpg\"><img data-opt-id=884275511  fetchpriority=\"high\" decoding=\"async\" width=\"850\" height=\"850\" src=\"https:\/\/mloeudo7ye9b.i.optimole.com\/w:auto\/h:auto\/q:mauto\/f:best\/https:\/\/www.macgleo.com\/blog\/wp-content\/uploads\/2021\/05\/06_20160521RousKBras.jpg\" alt=\"\" class=\"wp-image-3086\" srcset=\"https:\/\/mloeudo7ye9b.i.optimole.com\/w:850\/h:850\/q:mauto\/f:best\/https:\/\/www.macgleo.com\/blog\/wp-content\/uploads\/2021\/05\/06_20160521RousKBras.jpg 850w, https:\/\/mloeudo7ye9b.i.optimole.com\/w:300\/h:300\/q:mauto\/f:best\/https:\/\/www.macgleo.com\/blog\/wp-content\/uploads\/2021\/05\/06_20160521RousKBras.jpg 300w, https:\/\/mloeudo7ye9b.i.optimole.com\/w:150\/h:150\/q:mauto\/f:best\/https:\/\/www.macgleo.com\/blog\/wp-content\/uploads\/2021\/05\/06_20160521RousKBras.jpg 150w, https:\/\/mloeudo7ye9b.i.optimole.com\/w:768\/h:768\/q:mauto\/f:best\/https:\/\/www.macgleo.com\/blog\/wp-content\/uploads\/2021\/05\/06_20160521RousKBras.jpg 768w\" sizes=\"(max-width: 850px) 100vw, 850px\" \/><\/a><figcaption class=\"wp-element-caption\">Fleurs de Rous koumoul bihan au Verger Conservatoire de Penfoulig.<\/figcaption><\/figure>\n<\/div>\n\n\n<p><em>Son nom est int\u00e9ressant car il peut \u00eatre compris comme une description imm\u00e9diate du fruit ou comme un reflet de libertinages bucoliques, heureux ou contrari\u00e9s.<\/em><\/p>\n\n\n\n<p>Litt\u00e9ralement, cela donne <em>Rous<\/em> (roux) <em>koumoul <\/em>(nuage) <em>bihan <\/em>(petit), ce qui correspond bien au fruit qui est petit, vaguement roux <em>(quoique tirant vers le dor\u00e9) <\/em>avec des nuances de couleurs pouvant faire penser \u00e0 des nuages.<\/p>\n\n\n\n<p>Il existe toutefois un autre sens plus ancien de <em>Koumoul <\/em>dont on trouve trace dans un manuscrit de Dom Louis Le Pelletier (1663-1733). Le mot serait utilis\u00e9 pour sombre ce qui donnerait Rousse-sombre-petite, parfois conforme \u00e0 l\u2019aspect de la pomme, mais pourrait rappeler une contrari\u00e9t\u00e9 li\u00e9e \u00e0 la vari\u00e9t\u00e9, ou \u00e0 son fruit.<\/p>\n\n\n\n<p>En effet le mot s\u2019\u00e9crivait <em>Koumoulenn<\/em> anciennement et quelques fois comme assez r\u00e9cemment sur le plan initial du Verger Conservatoire de Penfoulig \u00e0 Fouenant. Si le sens premier du mot est toujours nuage, il peut d\u00e9signer une jolie fille, un sens que l\u2019on retrouve chez Youenn Drezenn dans son <em>Intron Varia Garmez<\/em>, mais \u00e9galement une pr\u00e9occupation, un nuage dans la pens\u00e9e et donc quelque chose de moins gai. Serait-ce alors le souvenir du ressentiment d\u2019un galant \u00e9conduit ?<\/p>\n\n\n\n<p>Il faut se garder d\u2019interpr\u00e9tation h\u00e2tive, mais en tout cas la Rous-koumoul-bihan(2) une bien jolie pomme.<\/p>\n\n\n<div class=\"wp-block-image\">\n<figure class=\"aligncenter size-full\"><a href=\"https:\/\/mloeudo7ye9b.i.optimole.com\/w:auto\/h:auto\/q:mauto\/f:best\/https:\/\/www.macgleo.com\/blog\/wp-content\/uploads\/2021\/05\/20150926_RousKoumoulBihan.jpg\"><img data-opt-id=1997325512  fetchpriority=\"high\" decoding=\"async\" width=\"567\" height=\"850\" src=\"https:\/\/mloeudo7ye9b.i.optimole.com\/w:auto\/h:auto\/q:mauto\/f:best\/https:\/\/www.macgleo.com\/blog\/wp-content\/uploads\/2021\/05\/20150926_RousKoumoulBihan.jpg\" alt=\"\" class=\"wp-image-3092\" srcset=\"https:\/\/mloeudo7ye9b.i.optimole.com\/w:567\/h:850\/q:mauto\/f:best\/https:\/\/www.macgleo.com\/blog\/wp-content\/uploads\/2021\/05\/20150926_RousKoumoulBihan.jpg 567w, https:\/\/mloeudo7ye9b.i.optimole.com\/w:200\/h:300\/q:mauto\/f:best\/https:\/\/www.macgleo.com\/blog\/wp-content\/uploads\/2021\/05\/20150926_RousKoumoulBihan.jpg 200w\" sizes=\"(max-width: 567px) 100vw, 567px\" \/><\/a><figcaption class=\"wp-element-caption\">Rous koumoul bihan au Verger Conservatoire de Penfoulig.<\/figcaption><\/figure>\n<\/div>\n\n\n<p>&nbsp;1 &#8211; Le pH <em>(potentiel Hydrog\u00e8ne)<\/em> est un indicateur d\u2019acidit\u00e9 des mo\u00fbts dont la valeur influe sur les r\u00e9actions biochimiques lors de la fermentation. Un pH bas prolonge le temps d\u2019inoculation de la bact\u00e9rie <em>Zymomonas Mobilis,<\/em> responsable du Frambois\u00e9, et augmente le r\u00f4le protecteur du SO<sub>2<\/sub>. La Frambois\u00e9 rend le cidre impropre \u00e0 la consommation.<\/p>\n\n\n\n<p>2 &#8211; Il existe une Rous-koumoul-bras <em>(Roux-nuage-grand)<\/em>, une pomme \u00e0 deux fins <em>(consommation et jus) <\/em>parfois utilis\u00e9e en cidrerie et assez proche en apparence de la Rous-koumoul-bihan. Ce genre de pomme n\u2019est pas isol\u00e9e, la tradition cornouaillaise ne disposait pas de vari\u00e9t\u00e9s acidul\u00e9es, mais avait recours en cas de besoin, \u00e0 ces pommes rustiques et paysannes tenues pour vari\u00e9t\u00e9s \u00e0 deux fins et dont les noms sont quasi-exclusivement en Breton. Cela les diff\u00e9renciait des pommes \u00e0 croquer bourgeoises des Manoirs et Ch\u00e2teaux aux noms quasi-exclusivement en Fran\u00e7ais.<\/p>\n\n\n<div class=\"wp-block-image\">\n<figure class=\"aligncenter size-full\"><a href=\"https:\/\/mloeudo7ye9b.i.optimole.com\/w:auto\/h:auto\/q:mauto\/f:best\/https:\/\/www.macgleo.com\/blog\/wp-content\/uploads\/2021\/05\/20151005_ROusKoumoulBras.jpg\"><img data-opt-id=2013361807  fetchpriority=\"high\" decoding=\"async\" width=\"850\" height=\"290\" src=\"https:\/\/mloeudo7ye9b.i.optimole.com\/w:auto\/h:auto\/q:mauto\/f:best\/https:\/\/www.macgleo.com\/blog\/wp-content\/uploads\/2021\/05\/20151005_ROusKoumoulBras.jpg\" alt=\"\" class=\"wp-image-3099\" srcset=\"https:\/\/mloeudo7ye9b.i.optimole.com\/w:850\/h:290\/q:mauto\/f:best\/https:\/\/www.macgleo.com\/blog\/wp-content\/uploads\/2021\/05\/20151005_ROusKoumoulBras.jpg 850w, https:\/\/mloeudo7ye9b.i.optimole.com\/w:300\/h:102\/q:mauto\/f:best\/https:\/\/www.macgleo.com\/blog\/wp-content\/uploads\/2021\/05\/20151005_ROusKoumoulBras.jpg 300w, https:\/\/mloeudo7ye9b.i.optimole.com\/w:768\/h:262\/q:mauto\/f:best\/https:\/\/www.macgleo.com\/blog\/wp-content\/uploads\/2021\/05\/20151005_ROusKoumoulBras.jpg 768w\" sizes=\"(max-width: 850px) 100vw, 850px\" \/><\/a><figcaption class=\"wp-element-caption\">Rous koumoul bras au Verger de Ponterec (LFF).<\/figcaption><\/figure>\n<\/div>\n\n\n<p><em>\u00a9 Mark Gleonec (textes &amp; photos)<\/em>.<\/p>\n","protected":false},"excerpt":{"rendered":"<p>Cette vari\u00e9t\u00e9 n\u2019est ni en voie d\u2019extinction, ni trop affect\u00e9e par le changement climatique. C\u2019est une pomme appr\u00e9ci\u00e9e dont il faut cependant v\u00e9rifier le pH(1). R\u00e9put\u00e9e originaire du Pays Fouenantais,&hellip;&nbsp;<a href=\"https:\/\/www.macgleo.com\/blog\/2021\/05\/02\/portrait-de-pomme-rkbi02\/\" rel=\"bookmark\">Lire la suite &raquo;<span class=\"screen-reader-text\">Portrait de pomme &#8211; Rous koumoul bihan<\/span><\/a><\/p>\n","protected":false},"author":1,"featured_media":3088,"comment_status":"closed","ping_status":"open","sticky":false,"template":"","format":"standard","meta":{"neve_meta_sidebar":"","neve_meta_container":"","neve_meta_enable_content_width":"","neve_meta_content_width":0,"neve_meta_title_alignment":"","neve_meta_author_avatar":"","neve_post_elements_order":"","neve_meta_disable_header":"","neve_meta_disable_footer":"","neve_meta_disable_title":"","footnotes":""},"categories":[9],"tags":[],"class_list":["post-3085","post","type-post","status-publish","format-standard","has-post-thumbnail","hentry","category-pommes"],"_links":{"self":[{"href":"https:\/\/www.macgleo.com\/blog\/wp-json\/wp\/v2\/posts\/3085","targetHints":{"allow":["GET"]}}],"collection":[{"href":"https:\/\/www.macgleo.com\/blog\/wp-json\/wp\/v2\/posts"}],"about":[{"href":"https:\/\/www.macgleo.com\/blog\/wp-json\/wp\/v2\/types\/post"}],"author":[{"embeddable":true,"href":"https:\/\/www.macgleo.com\/blog\/wp-json\/wp\/v2\/users\/1"}],"replies":[{"embeddable":true,"href":"https:\/\/www.macgleo.com\/blog\/wp-json\/wp\/v2\/comments?post=3085"}],"version-history":[{"count":18,"href":"https:\/\/www.macgleo.com\/blog\/wp-json\/wp\/v2\/posts\/3085\/revisions"}],"predecessor-version":[{"id":3342,"href":"https:\/\/www.macgleo.com\/blog\/wp-json\/wp\/v2\/posts\/3085\/revisions\/3342"}],"wp:featuredmedia":[{"embeddable":true,"href":"https:\/\/www.macgleo.com\/blog\/wp-json\/wp\/v2\/media\/3088"}],"wp:attachment":[{"href":"https:\/\/www.macgleo.com\/blog\/wp-json\/wp\/v2\/media?parent=3085"}],"wp:term":[{"taxonomy":"category","embeddable":true,"href":"https:\/\/www.macgleo.com\/blog\/wp-json\/wp\/v2\/categories?post=3085"},{"taxonomy":"post_tag","embeddable":true,"href":"https:\/\/www.macgleo.com\/blog\/wp-json\/wp\/v2\/tags?post=3085"}],"curies":[{"name":"wp","href":"https:\/\/api.w.org\/{rel}","templated":true}]}}