{"id":2988,"date":"2020-10-23T22:38:41","date_gmt":"2020-10-23T20:38:41","guid":{"rendered":"https:\/\/www.macgleo.com\/blog\/?p=2988"},"modified":"2023-06-30T16:22:46","modified_gmt":"2023-06-30T14:22:46","slug":"chwerv-gwenn","status":"publish","type":"post","link":"https:\/\/www.macgleo.com\/blog\/2020\/10\/23\/chwerv-gwenn\/","title":{"rendered":"C\u2019hwerv-gwenn"},"content":{"rendered":"<div class=\"wp-block-image\">\n<figure class=\"aligncenter size-large\"><img data-opt-id=755748242  fetchpriority=\"high\" decoding=\"async\" width=\"850\" height=\"850\" src=\"https:\/\/mloeudo7ye9b.i.optimole.com\/w:auto\/h:auto\/q:mauto\/f:best\/https:\/\/www.macgleo.com\/blog\/wp-content\/uploads\/2020\/10\/29Chwerv-gwenn20150926.jpg\" alt=\"\" class=\"wp-image-2989\" srcset=\"https:\/\/mloeudo7ye9b.i.optimole.com\/w:850\/h:850\/q:mauto\/f:best\/https:\/\/www.macgleo.com\/blog\/wp-content\/uploads\/2020\/10\/29Chwerv-gwenn20150926.jpg 850w, https:\/\/mloeudo7ye9b.i.optimole.com\/w:300\/h:300\/q:mauto\/f:best\/https:\/\/www.macgleo.com\/blog\/wp-content\/uploads\/2020\/10\/29Chwerv-gwenn20150926.jpg 300w, https:\/\/mloeudo7ye9b.i.optimole.com\/w:150\/h:150\/q:mauto\/f:best\/https:\/\/www.macgleo.com\/blog\/wp-content\/uploads\/2020\/10\/29Chwerv-gwenn20150926.jpg 150w, https:\/\/mloeudo7ye9b.i.optimole.com\/w:768\/h:768\/q:mauto\/f:best\/https:\/\/www.macgleo.com\/blog\/wp-content\/uploads\/2020\/10\/29Chwerv-gwenn20150926.jpg 768w\" sizes=\"(max-width: 850px) 100vw, 850px\" \/><figcaption class=\"wp-element-caption\"><em>C&rsquo;hwerv-gwenn<\/em>, le mot <em>c\u2019hwerv (amer)<\/em> se prononce \u03c7w\u03b5rw en Breton acad\u00e9mique <em>(le \u00ab\u00a0c\u2019h\u00a0\u00bb se prononce \u00e0 peu pr\u00e8s comme la Jota espagnole)<\/em>, il se dit cependant <em>f\u00e9o<\/em> ou <em>f\u00e9ro <\/em>en Sud Cornouaille.<\/figcaption><\/figure>\n<\/div>\n\n\n<p><strong><em>Ce n\u2019est cas un cas isol\u00e9, les pommes, \u00e0 cidre ou \u00e0 croquer, voyagent et bien souvent leur nom change, surtout si les langues d\u2019usage des paysans-cidriers diff\u00e8rent. La C\u2019hwerv-gwenn l\u2019illustre bien et nous offre en prime de consulter d\u2019anciennes descriptions montrant un fruit finalement assez stable dans le temps <\/em><\/strong><em>(au gr\u00e9 des variantes, clones et mutations cependant)<\/em><strong><em>. Tr\u00e8s pr\u00e9sente dans tout le Sud-Cornouaille, son origine est inconnue, mais il est acquis qu\u2019il s\u2019agit d\u2019une variante de la Blanc-Mollet, une vari\u00e9t\u00e9 \u00e0 cidre tr\u00e8s courante sur de nombreux terroirs cidricoles de l\u2019Hexagone depuis plusieurs si\u00e8cles. Bien que r\u00e9put\u00e9e d\u2019origine inconnue, son nom Blanc-Mollet est peut-\u00eatre en rapport avec Claude Mollet <\/em><\/strong><em>(1557\/1647)<\/em><strong><em>, \u00e9minent architecte-jardinier et auteur du Th\u00e9\u00e2tre des plans et jardinages, ouvrage pr\u00e9curseur de l\u2019am\u00e9nagement du jardin d\u2019agr\u00e9ment.<\/em><\/strong><\/p>\n\n\n<div class=\"wp-block-image\">\n<figure class=\"aligncenter size-large\"><img data-opt-id=1516811971  fetchpriority=\"high\" decoding=\"async\" width=\"850\" height=\"850\" src=\"https:\/\/mloeudo7ye9b.i.optimole.com\/w:auto\/h:auto\/q:mauto\/f:best\/https:\/\/www.macgleo.com\/blog\/wp-content\/uploads\/2020\/10\/20150503_29Chwerv-gwenn.jpg\" alt=\"\" class=\"wp-image-2992\" srcset=\"https:\/\/mloeudo7ye9b.i.optimole.com\/w:850\/h:850\/q:mauto\/f:best\/https:\/\/www.macgleo.com\/blog\/wp-content\/uploads\/2020\/10\/20150503_29Chwerv-gwenn.jpg 850w, https:\/\/mloeudo7ye9b.i.optimole.com\/w:300\/h:300\/q:mauto\/f:best\/https:\/\/www.macgleo.com\/blog\/wp-content\/uploads\/2020\/10\/20150503_29Chwerv-gwenn.jpg 300w, https:\/\/mloeudo7ye9b.i.optimole.com\/w:150\/h:150\/q:mauto\/f:best\/https:\/\/www.macgleo.com\/blog\/wp-content\/uploads\/2020\/10\/20150503_29Chwerv-gwenn.jpg 150w, https:\/\/mloeudo7ye9b.i.optimole.com\/w:768\/h:768\/q:mauto\/f:best\/https:\/\/www.macgleo.com\/blog\/wp-content\/uploads\/2020\/10\/20150503_29Chwerv-gwenn.jpg 768w\" sizes=\"(max-width: 850px) 100vw, 850px\" \/><\/figure>\n<\/div>\n\n\n<p>Les arbres manquent g\u00e9n\u00e9ralement d\u2019un peu de vigueur, ils sont \u00e9rig\u00e9s et assez \u00e9tal\u00e9s avec un houppier anarchique et peu dense. Ils sont assez r\u00e9sistants, y compris \u00e0 la tavelure. Leur bonne productivit\u00e9 est toutefois alt\u00e9r\u00e9e par une alternance marqu\u00e9e. Les fruits, plut\u00f4t petits mais parfois moyens, sont semi-h\u00e2tifs <em>(parfois h\u00e2tifs)<\/em>. Ils restent accroch\u00e9s \u00e0 leur branche tant qu\u2019il n\u2019y a pas trop de vent et se conservent plut\u00f4t bien au sol. Le jus color\u00e9, sucr\u00e9 et peu amer, permet d\u2019\u00e9laborer, si les fruits sont \u00e0 la bonne maturit\u00e9, un bon cidre mono vari\u00e9tal, mais ils sont en g\u00e9n\u00e9ral utilis\u00e9s en assemblage.<\/p>\n\n\n\n<p>D\u2019excellente r\u00e9putation, la <em>C\u2019hwerv-gwenn e<\/em>st attest\u00e9e de longue date en Pays Fouenantais o\u00f9 cohabitent plusieurs variantes assez proches. \u00c0 contrario, en Pays Bigouden, on peut trouver des <em>C\u2019hwerv-gwenn-Peurid, C\u2019hwerv-gwenn-Gwenac\u2019h <\/em>et une vari\u00e9t\u00e9 assimil\u00e9e, la<em> Per-skav,<\/em> qui sont sensiblement diff\u00e9rentes, alors qu\u2019en Vall\u00e9e de l\u2019Aulne et \u00e0 Braspart la<em> C\u2019hwerv-gwenn-ar-Faou <\/em>semble plus proche.<\/p>\n\n\n<div class=\"wp-block-image\">\n<figure class=\"aligncenter size-large is-resized\"><img data-opt-id=2125697871  fetchpriority=\"high\" decoding=\"async\" src=\"https:\/\/mloeudo7ye9b.i.optimole.com\/w:auto\/h:auto\/q:mauto\/f:best\/https:\/\/www.macgleo.com\/blog\/wp-content\/uploads\/2020\/10\/CGG-PS.jpg\" alt=\"\" class=\"wp-image-2995\" width=\"638\" height=\"319\" srcset=\"https:\/\/mloeudo7ye9b.i.optimole.com\/w:850\/h:425\/q:mauto\/f:best\/https:\/\/www.macgleo.com\/blog\/wp-content\/uploads\/2020\/10\/CGG-PS.jpg 850w, https:\/\/mloeudo7ye9b.i.optimole.com\/w:300\/h:150\/q:mauto\/f:best\/https:\/\/www.macgleo.com\/blog\/wp-content\/uploads\/2020\/10\/CGG-PS.jpg 300w, https:\/\/mloeudo7ye9b.i.optimole.com\/w:768\/h:384\/q:mauto\/f:best\/https:\/\/www.macgleo.com\/blog\/wp-content\/uploads\/2020\/10\/CGG-PS.jpg 768w\" sizes=\"(max-width: 638px) 100vw, 638px\" \/><figcaption class=\"wp-element-caption\">C&rsquo;hwerv-gwenn-Gwenac&rsquo;h et Per-skav<\/figcaption><\/figure>\n<\/div>\n\n\n<p>Son nom signifie litt\u00e9ralement \u201c<em>amer-blanc<\/em>\u201d que l\u2019on pourrait \u00e9galement consid\u00e9rer comme \u201c<em>amer-sage<\/em>\u201d car le mot \u201c<em>gwenn<\/em>\u201d prend le sens de \u201c<em>sage<\/em>\u201d ou de \u201c<em>sagesse<\/em>\u201d quand il est utilis\u00e9 dans un nom<em>. <\/em>On peut cependant penser que ce nom est simplement inspir\u00e9 par le nom en Francais <em>(sans le deuxi\u00e8me terme Mollet)<\/em> car la pomme est bien de couleur blanche ou du moins tr\u00e8s p\u00e2le. Le \u201c<em>c\u2019hwerv<\/em>\u201d s\u2019imposait car l\u2019amertume est parfois assez prononc\u00e9e et peut difficilement \u00eatre qualifi\u00e9e de <em>sage<\/em>.<\/p>\n\n\n<div class=\"wp-block-image\">\n<figure class=\"alignleft size-large is-resized\"><img data-opt-id=349095336  decoding=\"async\" src=\"https:\/\/mloeudo7ye9b.i.optimole.com\/w:auto\/h:auto\/q:mauto\/f:best\/https:\/\/www.macgleo.com\/blog\/wp-content\/uploads\/2020\/10\/20151007_Densito.jpg\" alt=\"\" class=\"wp-image-2999\" width=\"250\" height=\"250\" srcset=\"https:\/\/mloeudo7ye9b.i.optimole.com\/w:850\/h:850\/q:mauto\/f:best\/https:\/\/www.macgleo.com\/blog\/wp-content\/uploads\/2020\/10\/20151007_Densito.jpg 850w, https:\/\/mloeudo7ye9b.i.optimole.com\/w:300\/h:300\/q:mauto\/f:best\/https:\/\/www.macgleo.com\/blog\/wp-content\/uploads\/2020\/10\/20151007_Densito.jpg 300w, https:\/\/mloeudo7ye9b.i.optimole.com\/w:150\/h:150\/q:mauto\/f:best\/https:\/\/www.macgleo.com\/blog\/wp-content\/uploads\/2020\/10\/20151007_Densito.jpg 150w, https:\/\/mloeudo7ye9b.i.optimole.com\/w:768\/h:768\/q:mauto\/f:best\/https:\/\/www.macgleo.com\/blog\/wp-content\/uploads\/2020\/10\/20151007_Densito.jpg 768w\" sizes=\"(max-width: 250px) 100vw, 250px\" \/><figcaption class=\"wp-element-caption\">Mesurer la densit\u00e9 du jus, une obsession de cidrier.<\/figcaption><\/figure>\n<\/div>\n\n\n<p><strong><em>Caract\u00e9ristiques : <\/em><\/strong><em>Les valeurs ci-dessous sont des moyennes obtenues \u00e0 partir de relev\u00e9s \u00e9tal\u00e9s sur un si\u00e8cle, avec des \u00e9chantillons provenants de vergers tr\u00e8s diff\u00e9rents. Ces chiffres ne sont donc pas tr\u00e8s pr\u00e9cis, les conditions d\u2019analyse a largement vari\u00e9es. Ils montrent cependant une relative homog\u00e9n\u00e9it\u00e9.<\/em><br><\/p>\n\n\n\n<p><\/p>\n\n\n\n<p><\/p>\n\n\n\n<p>Rendement en jus sous le pressoir 60 %. Densit\u00e9 : 1060. Acidit\u00e9 totale : 1,45 g\/l d\u2019acide sulfurique.. Amertume <em>(polyph\u00e9nols totaux)<\/em> 2,70 g\/l d\u2019acide tannique. P\u00e9riode de floraison : H\u00e2tive. P\u00e9riode de maturit\u00e9 de brassage : H\u00e2tive<em> (suivant les variantes)<\/em>. Type cidricole : Douce-am\u00e8re.<\/p>\n\n\n\n<p>On trouvera dans <em>Pommier \u00e0 Cidre<\/em>, J.M. Bor\u00e9 &amp; J. Fleckinger, 2002 (p. 146-148), dans <em>Du pommier au cidre,<\/em> C. Jolic\u0153ur, 2016 (P. 73-74) ou Pommes et cidre en Cornouaille, Mark Gleonec, 2019 (p. 48-40), des notes r\u00e9centes sur La C\u2019hwerv-gwenn et la Blanc-Mollet.<\/p>\n\n\n\n<p>\u00c0 la page 424 de son <em>Trait\u00e9 des Fruits tant Indig\u00e8nes qu\u2019Exotiques <\/em>(1839), Jean Fran\u00e7ois Couverchel \u00e9crit ; \u201c<em>Pomme blanc-mollet, douce, am\u00e8re; bonne esp\u00e8ce, tr\u00e8s productive; cidre bon qui se conserve longtemps, pays d\u2019Auge, Eure.\u2013Douce Morelle d\u2019Aumale, Grande Vall\u00e9e, Gournay pays de Caux, Roumois, Ois<\/em>e.\u201d<\/p>\n\n\n\n<p>Ci-dessous les pages 447 et 448 de <em>Le cidre,<\/em> (1875) de L. de Boutteville &amp; A. Hauchecorne.<\/p>\n\n\n<div class=\"wp-block-image\">\n<figure class=\"aligncenter size-large is-resized\"><img data-opt-id=1274102851  decoding=\"async\" src=\"https:\/\/mloeudo7ye9b.i.optimole.com\/w:auto\/h:auto\/q:mauto\/f:best\/https:\/\/www.macgleo.com\/blog\/wp-content\/uploads\/2020\/10\/BouttevilleHauchecorne1875_447.png\" alt=\"\" class=\"wp-image-3007\" width=\"594\" height=\"888\" srcset=\"https:\/\/mloeudo7ye9b.i.optimole.com\/w:594\/h:888\/q:mauto\/f:best\/https:\/\/www.macgleo.com\/blog\/wp-content\/uploads\/2020\/10\/BouttevilleHauchecorne1875_447.png 594w, https:\/\/mloeudo7ye9b.i.optimole.com\/w:201\/h:300\/q:mauto\/f:best\/https:\/\/www.macgleo.com\/blog\/wp-content\/uploads\/2020\/10\/BouttevilleHauchecorne1875_447.png 201w\" sizes=\"(max-width: 594px) 100vw, 594px\" \/><\/figure>\n<\/div>\n\n<div class=\"wp-block-image\">\n<figure class=\"aligncenter size-large is-resized\"><img data-opt-id=181951173  decoding=\"async\" src=\"https:\/\/mloeudo7ye9b.i.optimole.com\/w:auto\/h:auto\/q:mauto\/f:best\/https:\/\/www.macgleo.com\/blog\/wp-content\/uploads\/2020\/10\/BouttevilleHauchecorne1875_448.png\" alt=\"\" class=\"wp-image-3008\" width=\"592\" height=\"885\" srcset=\"https:\/\/mloeudo7ye9b.i.optimole.com\/w:592\/h:885\/q:mauto\/f:best\/https:\/\/www.macgleo.com\/blog\/wp-content\/uploads\/2020\/10\/BouttevilleHauchecorne1875_448.png 592w, https:\/\/mloeudo7ye9b.i.optimole.com\/w:201\/h:300\/q:mauto\/f:best\/https:\/\/www.macgleo.com\/blog\/wp-content\/uploads\/2020\/10\/BouttevilleHauchecorne1875_448.png 201w\" sizes=\"(max-width: 592px) 100vw, 592px\" \/><\/figure>\n<\/div>\n\n\n<p>Ci-dessous les pages 4, 5 et 6 de l\u2019<em>Atlas des fruits \u00e0 cidre<\/em>, (1896) d\u2019A. Truelle.<\/p>\n\n\n<div class=\"wp-block-image\">\n<figure class=\"aligncenter size-large is-resized\"><img data-opt-id=259062663  decoding=\"async\" src=\"https:\/\/mloeudo7ye9b.i.optimole.com\/w:auto\/h:auto\/q:mauto\/f:best\/https:\/\/www.macgleo.com\/blog\/wp-content\/uploads\/2020\/10\/Truelle1896-Atlas_4.png\" alt=\"\" class=\"wp-image-3011\" width=\"546\" height=\"849\" srcset=\"https:\/\/mloeudo7ye9b.i.optimole.com\/w:546\/h:849\/q:mauto\/f:best\/https:\/\/www.macgleo.com\/blog\/wp-content\/uploads\/2020\/10\/Truelle1896-Atlas_4.png 546w, https:\/\/mloeudo7ye9b.i.optimole.com\/w:193\/h:300\/q:mauto\/f:best\/https:\/\/www.macgleo.com\/blog\/wp-content\/uploads\/2020\/10\/Truelle1896-Atlas_4.png 193w\" sizes=\"(max-width: 546px) 100vw, 546px\" \/><\/figure>\n<\/div>\n\n<div class=\"wp-block-image\">\n<figure class=\"aligncenter size-large\"><img data-opt-id=667546165  decoding=\"async\" width=\"559\" height=\"625\" src=\"https:\/\/mloeudo7ye9b.i.optimole.com\/w:auto\/h:auto\/q:mauto\/f:best\/https:\/\/www.macgleo.com\/blog\/wp-content\/uploads\/2020\/10\/Truelle1896-Atlas_5.png\" alt=\"\" class=\"wp-image-3012\" srcset=\"https:\/\/mloeudo7ye9b.i.optimole.com\/w:559\/h:625\/q:mauto\/f:best\/https:\/\/www.macgleo.com\/blog\/wp-content\/uploads\/2020\/10\/Truelle1896-Atlas_5.png 559w, https:\/\/mloeudo7ye9b.i.optimole.com\/w:268\/h:300\/q:mauto\/f:best\/https:\/\/www.macgleo.com\/blog\/wp-content\/uploads\/2020\/10\/Truelle1896-Atlas_5.png 268w\" sizes=\"(max-width: 559px) 100vw, 559px\" \/><\/figure>\n<\/div>\n\n<div class=\"wp-block-image\">\n<figure class=\"aligncenter size-large\"><img data-opt-id=2129011567  decoding=\"async\" width=\"536\" height=\"450\" src=\"https:\/\/mloeudo7ye9b.i.optimole.com\/w:auto\/h:auto\/q:mauto\/f:best\/https:\/\/www.macgleo.com\/blog\/wp-content\/uploads\/2020\/10\/Truelle1896-Atlas.png\" alt=\"\" class=\"wp-image-3013\" srcset=\"https:\/\/mloeudo7ye9b.i.optimole.com\/w:536\/h:450\/q:mauto\/f:best\/https:\/\/www.macgleo.com\/blog\/wp-content\/uploads\/2020\/10\/Truelle1896-Atlas.png 536w, https:\/\/mloeudo7ye9b.i.optimole.com\/w:300\/h:252\/q:mauto\/f:best\/https:\/\/www.macgleo.com\/blog\/wp-content\/uploads\/2020\/10\/Truelle1896-Atlas.png 300w\" sizes=\"(max-width: 536px) 100vw, 536px\" \/><\/figure>\n<\/div>\n\n\n<p>Ci-dessous l\u2019article de Crochetelle Sur la<em> c\u2019hwerv-gwenn<\/em> paru dans l\u2019<em>Union Agricole<\/em> au d\u00e9but du XX<sup>e<\/sup> si\u00e8cle <em>(Avant la parution en librairie, il fit para\u00eetre son \u00e9tude par article chaque vendredi dans ce journal)<\/em>.<\/p>\n\n\n<div class=\"wp-block-image\">\n<figure class=\"aligncenter size-large is-resized\"><img data-opt-id=826430715  decoding=\"async\" src=\"https:\/\/mloeudo7ye9b.i.optimole.com\/w:348\/h:1024\/q:mauto\/f:best\/https:\/\/www.macgleo.com\/blog\/wp-content\/uploads\/2020\/10\/Chwerv-gwennCrochetelle.jpg\" alt=\"\" class=\"wp-image-3015\" width=\"348\" height=\"1024\" srcset=\"https:\/\/mloeudo7ye9b.i.optimole.com\/w:348\/h:1024\/q:mauto\/f:best\/https:\/\/www.macgleo.com\/blog\/wp-content\/uploads\/2020\/10\/Chwerv-gwennCrochetelle.jpg 348w, https:\/\/mloeudo7ye9b.i.optimole.com\/w:102\/h:300\/q:mauto\/f:best\/https:\/\/www.macgleo.com\/blog\/wp-content\/uploads\/2020\/10\/Chwerv-gwennCrochetelle.jpg 102w, https:\/\/mloeudo7ye9b.i.optimole.com\/w:367\/h:1080\/q:mauto\/f:best\/https:\/\/www.macgleo.com\/blog\/wp-content\/uploads\/2020\/10\/Chwerv-gwennCrochetelle.jpg 522w, https:\/\/mloeudo7ye9b.i.optimole.com\/w:366\/h:1080\/q:mauto\/f:best\/https:\/\/www.macgleo.com\/blog\/wp-content\/uploads\/2020\/10\/Chwerv-gwennCrochetelle.jpg 548w\" sizes=\"(max-width: 348px) 100vw, 348px\" \/><\/figure>\n<\/div>\n\n\n<p><em>\u00c0 noter \u00e9galement que la B<\/em>iblioth\u00e8que des Champs Libres \u00e0 Rennes conserve les Archives des Vergers exp\u00e9rimentaux de l&rsquo;\u00c9cole d&rsquo;Agriculture des Troix-Croix de Rennes, dont une planche datant de la p\u00e9riode 1882-1910, repr\u00e9sente un <em>Blanc-Mollet<\/em>.<\/p>\n\n\n<div class=\"wp-block-image\">\n<figure class=\"aligncenter size-large\"><img data-opt-id=2139611236  decoding=\"async\" width=\"707\" height=\"910\" src=\"https:\/\/mloeudo7ye9b.i.optimole.com\/w:auto\/h:auto\/q:mauto\/f:best\/https:\/\/www.macgleo.com\/blog\/wp-content\/uploads\/2020\/10\/Capture-d’écran-2017-01-15-à-18.12.20.png\" alt=\"\" class=\"wp-image-3017\" srcset=\"https:\/\/mloeudo7ye9b.i.optimole.com\/w:707\/h:910\/q:mauto\/f:best\/https:\/\/www.macgleo.com\/blog\/wp-content\/uploads\/2020\/10\/Capture-d\u2019\u00e9cran-2017-01-15-\u00e0-18.12.20.png 707w, https:\/\/mloeudo7ye9b.i.optimole.com\/w:233\/h:300\/q:mauto\/f:best\/https:\/\/www.macgleo.com\/blog\/wp-content\/uploads\/2020\/10\/Capture-d\u2019\u00e9cran-2017-01-15-\u00e0-18.12.20.png 233w\" sizes=\"(max-width: 707px) 100vw, 707px\" \/><\/figure>\n<\/div>","protected":false},"excerpt":{"rendered":"<p>Ce n\u2019est cas un cas isol\u00e9, les pommes, \u00e0 cidre ou \u00e0 croquer, voyagent et bien souvent leur nom change, surtout si les langues d\u2019usage des paysans-cidriers diff\u00e8rent. La C\u2019hwerv-gwenn&hellip;&nbsp;<a href=\"https:\/\/www.macgleo.com\/blog\/2020\/10\/23\/chwerv-gwenn\/\" rel=\"bookmark\">Lire la suite &raquo;<span class=\"screen-reader-text\">C\u2019hwerv-gwenn<\/span><\/a><\/p>\n","protected":false},"author":1,"featured_media":2989,"comment_status":"closed","ping_status":"open","sticky":false,"template":"","format":"standard","meta":{"neve_meta_sidebar":"","neve_meta_container":"","neve_meta_enable_content_width":"","neve_meta_content_width":0,"neve_meta_title_alignment":"","neve_meta_author_avatar":"","neve_post_elements_order":"","neve_meta_disable_header":"","neve_meta_disable_footer":"","neve_meta_disable_title":"","footnotes":""},"categories":[9],"tags":[],"class_list":["post-2988","post","type-post","status-publish","format-standard","has-post-thumbnail","hentry","category-pommes"],"_links":{"self":[{"href":"https:\/\/www.macgleo.com\/blog\/wp-json\/wp\/v2\/posts\/2988","targetHints":{"allow":["GET"]}}],"collection":[{"href":"https:\/\/www.macgleo.com\/blog\/wp-json\/wp\/v2\/posts"}],"about":[{"href":"https:\/\/www.macgleo.com\/blog\/wp-json\/wp\/v2\/types\/post"}],"author":[{"embeddable":true,"href":"https:\/\/www.macgleo.com\/blog\/wp-json\/wp\/v2\/users\/1"}],"replies":[{"embeddable":true,"href":"https:\/\/www.macgleo.com\/blog\/wp-json\/wp\/v2\/comments?post=2988"}],"version-history":[{"count":23,"href":"https:\/\/www.macgleo.com\/blog\/wp-json\/wp\/v2\/posts\/2988\/revisions"}],"predecessor-version":[{"id":3326,"href":"https:\/\/www.macgleo.com\/blog\/wp-json\/wp\/v2\/posts\/2988\/revisions\/3326"}],"wp:featuredmedia":[{"embeddable":true,"href":"https:\/\/www.macgleo.com\/blog\/wp-json\/wp\/v2\/media\/2989"}],"wp:attachment":[{"href":"https:\/\/www.macgleo.com\/blog\/wp-json\/wp\/v2\/media?parent=2988"}],"wp:term":[{"taxonomy":"category","embeddable":true,"href":"https:\/\/www.macgleo.com\/blog\/wp-json\/wp\/v2\/categories?post=2988"},{"taxonomy":"post_tag","embeddable":true,"href":"https:\/\/www.macgleo.com\/blog\/wp-json\/wp\/v2\/tags?post=2988"}],"curies":[{"name":"wp","href":"https:\/\/api.w.org\/{rel}","templated":true}]}}