{"id":2956,"date":"2020-09-12T16:31:42","date_gmt":"2020-09-12T14:31:42","guid":{"rendered":"https:\/\/www.macgleo.com\/blog\/?p=2956"},"modified":"2023-06-30T16:24:22","modified_gmt":"2023-06-30T14:24:22","slug":"afallen-la-genese-du-spectacle","status":"publish","type":"post","link":"https:\/\/www.macgleo.com\/blog\/2020\/09\/12\/afallen-la-genese-du-spectacle\/","title":{"rendered":"AFALLEN, la gen\u00e8se du spectacle"},"content":{"rendered":"<div class=\"wp-block-image\">\n<figure class=\"alignleft size-large is-resized\"><img data-opt-id=271706828  fetchpriority=\"high\" decoding=\"async\" src=\"https:\/\/mloeudo7ye9b.i.optimole.com\/w:auto\/h:auto\/q:mauto\/f:best\/https:\/\/www.macgleo.com\/blog\/wp-content\/uploads\/2020\/09\/KermerrienDB.jpg\" alt=\"\" class=\"wp-image-2957\" width=\"600\" height=\"450\" srcset=\"https:\/\/mloeudo7ye9b.i.optimole.com\/w:800\/h:600\/q:mauto\/f:best\/https:\/\/www.macgleo.com\/blog\/wp-content\/uploads\/2020\/09\/KermerrienDB.jpg 800w, https:\/\/mloeudo7ye9b.i.optimole.com\/w:300\/h:225\/q:mauto\/f:best\/https:\/\/www.macgleo.com\/blog\/wp-content\/uploads\/2020\/09\/KermerrienDB.jpg 300w, https:\/\/mloeudo7ye9b.i.optimole.com\/w:768\/h:576\/q:mauto\/f:best\/https:\/\/www.macgleo.com\/blog\/wp-content\/uploads\/2020\/09\/KermerrienDB.jpg 768w\" sizes=\"(max-width: 600px) 100vw, 600px\" \/><figcaption class=\"wp-element-caption\"><em>Le vol d\u2019une K\u00earmerien entra\u00eenant le regard vers l\u2019horizon est un sacr\u00e9 r\u00e9sum\u00e9 d\u2019Afallen, une histoire de pommier, de pomme, de cidre et de tout ces gens qui font prosp\u00e9rer les vergers du monde depuis la nuit des temps.<\/em><br> <br><\/figcaption><\/figure>\n<\/div>\n\n\n<p><strong>Afallen<em>,<\/em> le pommier en Breton ancien, est un titre inspir\u00e9 par un po\u00e8me du barde Myrddyn, <em>Marzhin<\/em> \u00e9crit-on en Breton moderne. Il n\u2019existe \u00e0 ce jour que de rares copies du po\u00e8me <em>Afallenu<\/em> dont l\u2019origine remonte au VI<sup>e<\/sup> si\u00e8cle. Pourtant ce document est un mythe de Bretagne dans l\u2019histoire des hommes. Il illustre un pommier, lien symbolique entre le monde des vivants et celui des morts. Popularis\u00e9 comme la <em>Proph\u00e9tie de Merlin<\/em> par les celtisants du XIX<sup>e<\/sup> si\u00e8cle, le texte est un pan d\u2019une l\u00e9gende Arthurienne mille fois reprise et adapt\u00e9e dans le monde entier.<\/strong><\/p>\n\n\n\n<p>\u00c0 l\u2019heure du retour en gr\u00e2ce de la boisson de pomme, ce fut une \u00e9vidence de s\u2019emparer de ce mythe pour raconter l\u2019histoire du pommier et de son fruit, de la boisson que les hommes en ont extrait et enfin d\u2019illustrer la fraternit\u00e9 que le fruit, comme la boisson, ont inspir\u00e9 en Cornouaille et ailleurs. Afallen est n\u00e9 d&rsquo;une rencontre avec Dominique Le Guichaoua, l\u2019accord\u00e9oniste de Dremmwel, groupe musique \u00e0 danser bretonne participant \u00e0 de nombreuses collaborations avec des musiciens du monde. Nos rencontres, chez l\u2019ami Jakez Burel, chanteur de Kan ha Diskan, mais \u00e9galement cidrier \u00e0 cette \u00e9poque, voyaient des musiciens du groupe venir animer des journ\u00e9es festives \u00e0 la cidrerie alors que j&rsquo;y racontais ce que je sais de l\u2019aventure du cidre. C\u2019est l\u00e0 que Dominique eut l\u2019id\u00e9e de fusionner l\u2019histoire, le conte et la musique&nbsp; dans un spectacle .<\/p>\n\n\n<div class=\"wp-block-image\">\n<figure class=\"aligncenter size-large is-resized\"><img data-opt-id=1227423356  fetchpriority=\"high\" decoding=\"async\" src=\"https:\/\/mloeudo7ye9b.i.optimole.com\/w:auto\/h:auto\/q:mauto\/f:best\/https:\/\/www.macgleo.com\/blog\/wp-content\/uploads\/2020\/09\/Afallenu.jpg\" alt=\"\" class=\"wp-image-2960\" width=\"403\" height=\"503\" srcset=\"https:\/\/mloeudo7ye9b.i.optimole.com\/w:537\/h:671\/q:mauto\/f:best\/https:\/\/www.macgleo.com\/blog\/wp-content\/uploads\/2020\/09\/Afallenu.jpg 537w, https:\/\/mloeudo7ye9b.i.optimole.com\/w:240\/h:300\/q:mauto\/f:best\/https:\/\/www.macgleo.com\/blog\/wp-content\/uploads\/2020\/09\/Afallenu.jpg 240w\" sizes=\"(max-width: 403px) 100vw, 403px\" \/><figcaption class=\"wp-element-caption\"><em>La premi\u00e8re page d\u2019Afallenu, du Barde Myrddin (Marzhin), dans le Black Book of Carmarthen, conserv\u00e9 \u00e0 la National Library of Wales<\/em><br> <br><\/figcaption><\/figure>\n<\/div>\n\n\n<p>La pomme et le cidre ne sont cependant pas des exclusivit\u00e9s bretonnes, l\u2019histoire du fruit commence dans les montagnes d\u2019Orient, vient jusqu\u2019aux rivages d\u2019Occident avant de s\u2019\u00e9lancer vers les nouveaux mondes. La chronologie du cidre n\u2019est pas en reste et raconte un cheminement de l\u2019homme sur les sentiers du go\u00fbt. Longtemps carrefour des \u00e9changes au milieu de la mer d\u2019Occident, la p\u00e9ninsule armoricaine s\u2019est toujours enrichie du savoir de ceux qui fr\u00e9quentent ses c\u00f4tes. Ces \u00e9changes ont influenc\u00e9 les saveurs d\u2019un cidre assez original pour que ses vergers le soient \u00e9galement. La propension naturelle des Bretons pour le conte a fait le reste avec des histoires et des chansons qui magnifient \u00e0 leur mani\u00e8re les saveurs de ces boissons.<\/p>\n\n\n<div class=\"wp-block-image\">\n<figure class=\"aligncenter size-large is-resized\"><img data-opt-id=580008106  fetchpriority=\"high\" decoding=\"async\" src=\"https:\/\/mloeudo7ye9b.i.optimole.com\/w:auto\/h:auto\/q:mauto\/f:best\/https:\/\/www.macgleo.com\/blog\/wp-content\/uploads\/2020\/09\/Fleur.png\" alt=\"\" class=\"wp-image-2982\" width=\"150\" height=\"150\" srcset=\"https:\/\/mloeudo7ye9b.i.optimole.com\/w:200\/h:200\/q:mauto\/rt:fill\/g:ce\/f:best\/https:\/\/www.macgleo.com\/blog\/wp-content\/uploads\/2020\/09\/Fleur.png 200w, https:\/\/mloeudo7ye9b.i.optimole.com\/w:150\/h:150\/q:mauto\/rt:fill\/g:ce\/f:best\/https:\/\/www.macgleo.com\/blog\/wp-content\/uploads\/2020\/09\/Fleur.png 150w\" sizes=\"(max-width: 150px) 100vw, 150px\" \/><\/figure>\n<\/div>\n\n\n<p>Afallen est donc un conte musical d\u00e9roul\u00e9 apr\u00e8s une ouverture disant la l\u00e9gende du cidre des Bretons. L\u00e9gende car la boisson est aussi ancienne que l\u2019humanit\u00e9. Nous avons d\u2019ailleurs tr\u00e8s vite chercher a accompagner le spectateur tout au long du spectacle par une voix du conte, en l\u2019occurence C\u00e9line Poli, repla\u00e7ant nos illustrations po\u00e9tiques et musicales dans l\u2019histoire vraie. Fil conducteur de ce voyage dans le temps et l\u2019espace, Rosie Burdock, personnage emprunt\u00e9 au roman <em>Cider with Rosie <\/em>de Laurie Lee*, nous entra\u00eene sur l\u2019ancienne Route de la Soie, sur les chemins de Compostelle et \u00e0 la qu\u00eate du vrai cidre.<\/p>\n\n\n\n<p>Premier acte, <em>le voyage de la pomme,<\/em> parle du trafic de fruits depuis le Tian- Shan et ses for\u00eats primaires de pommiers, jusqu\u2019\u00e0 la p\u00e9ninsule Ib\u00e9rique. Il \u00e9voque la rencontre des pommes d\u2019Orient avec celles des arbres d\u2019Occident sous lesquels Marzhin s\u2019est repos\u00e9 apr\u00e8s la d\u00e9faite d\u2019Arderyd, nous offrant cet extraordinaire po\u00e8me.<\/p>\n\n\n\n<p>Deuxi\u00e8me partie, <em>la navigation du cidre<\/em>, raconte la qu\u00eate des greffons d\u2019Espagne entreprise par les Bretons et les Normands afin d\u2019\u00e9laborer nos cidres modernes. Elle rappelle le r\u00f4le des Abbayes telle celle de Landevenneg r\u00e9put\u00e9e pour son r\u00f4le dans la s\u00e9lection des pommes \u00e0 cidre.<\/p>\n\n\n<div class=\"wp-block-image\">\n<figure class=\"aligncenter size-large is-resized\"><img data-opt-id=1297040215  decoding=\"async\" src=\"https:\/\/mloeudo7ye9b.i.optimole.com\/w:auto\/h:auto\/q:mauto\/f:best\/https:\/\/www.macgleo.com\/blog\/wp-content\/uploads\/2020\/09\/Larchipel.png\" alt=\"\" class=\"wp-image-2962\" width=\"721\" height=\"303\" srcset=\"https:\/\/mloeudo7ye9b.i.optimole.com\/w:721\/h:303\/q:mauto\/f:best\/https:\/\/www.macgleo.com\/blog\/wp-content\/uploads\/2020\/09\/Larchipel.png 721w, https:\/\/mloeudo7ye9b.i.optimole.com\/w:300\/h:126\/q:mauto\/f:best\/https:\/\/www.macgleo.com\/blog\/wp-content\/uploads\/2020\/09\/Larchipel.png 300w\" sizes=\"(max-width: 721px) 100vw, 721px\" \/><figcaption class=\"wp-element-caption\">L&rsquo;Archipel, centre des Arts et des Congr\u00e8s de Fouesnant (29)<\/figcaption><\/figure>\n<\/div>\n\n\n<p>La troisi\u00e8me partie, <em>c\u00e9l\u00e9bration<\/em> est un chapitre festif o\u00f9 le conte s\u2019amuse de la convivialit\u00e9 des concours de cidre, non sans pr\u00e9venir \u00e0 sa mani\u00e8re des risques li\u00e9s \u00e0 l\u2019abus de boissons dans les tavernes. C\u2019est \u00e9galement l\u2019occasion de partir vers de nouveaux mondes p\u00e9tillants o\u00f9 la pomme enrichit chaque jour le cidre de nouvelles propositions.<\/p>\n\n\n\n<p>Bien \u00e9videmment un tel projet ne se fait pas \u00e0 deux. Il faut d\u2019abord un th\u00e9\u00e2tre pour le soutenir et nous devons \u00e0 Fr\u00e9d\u00e9ric Pinard, Directeur de l\u2019Archipel \u00e0 Fouesnant, d\u2019avoir tr\u00e8s vite donn\u00e9 l\u2019impulsion qu\u2019il fallait pour qu\u2019Afallen voit le jour, un soutien partag\u00e9 par l\u2019\u00e9quipe qui l\u2019entoure. En parall\u00e8le du travail \u00e9criture car il s&rsquo;agit bien d&rsquo;une cr\u00e9ation originale**, Dominique a r\u00e9uni une petite \u00e9quipe d&rsquo;acteurs et musiciens. Outre C\u00e9line Poli, sont venus Jean Marc Lesieur, vieux routier de la sc\u00e8ne bretonne, avec son cistre et son inventivit\u00e9 musicale, Marin Lhopiteau, le harpiste de Dremmwel et Raymond P\u00e9r\u00e8s, sonneur bien connu, avec ses flutes, binious, bombardes et Uillean-pipe.<\/p>\n\n\n\n<figure class=\"wp-block-image size-large is-resized\"><img data-opt-id=1942097958  decoding=\"async\" src=\"https:\/\/mloeudo7ye9b.i.optimole.com\/w:auto\/h:auto\/q:mauto\/f:best\/https:\/\/www.macgleo.com\/blog\/wp-content\/uploads\/2020\/09\/Afallen.jpg\" alt=\"\" class=\"wp-image-2965\" width=\"750\" height=\"500\" srcset=\"https:\/\/mloeudo7ye9b.i.optimole.com\/w:750\/h:500\/q:mauto\/f:best\/https:\/\/www.macgleo.com\/blog\/wp-content\/uploads\/2020\/09\/Afallen.jpg 750w, https:\/\/mloeudo7ye9b.i.optimole.com\/w:300\/h:200\/q:mauto\/f:best\/https:\/\/www.macgleo.com\/blog\/wp-content\/uploads\/2020\/09\/Afallen.jpg 300w\" sizes=\"(max-width: 750px) 100vw, 750px\" \/><figcaption class=\"wp-element-caption\">Afallen en r\u00e9p\u00e9tition avec C\u00e9line Poli, Mark Gleonec, Dominique le Guichaoua, Marin Lhopiteau, Jean Marc Lesieur et Raymond P\u00e9r\u00e8s.<\/figcaption><\/figure>\n\n\n\n<p>Afallen sera donn\u00e9 le 26 septembre 2020 \u00e0 21H  l&rsquo;Archipel en Fouesnant. R\u00e9servations: 02 98 51 20 24 \/&nbsp; <a href=\"http:\/\/www.archipel-fouesnant.fr\/?fbclid=IwAR2Mbwd5AiZcUU-PD0Xv72uq-NmOQlj1-H2tCzb3HfQ543KfE8IeLCK2HfY\">www.archipel-fouesnant.fr<\/a> Toute la semaine pr\u00e9c\u00e9dant le spectacle, des animations autour du pommier de la pomme et du cidre se succ\u00e9deront \u00e0 l&rsquo;Archipel : <a href=\"https:\/\/mailchi.mp\/ville-fouesnant\/vendredi-06-mars-2231790?fbclid=IwAR2Mbwd5AiZcUU-PD0Xv72uq-NmOQlj1-H2tCzb3HfQ543KfE8IeLCK2HfY\">https:\/\/mailchi.mp\/ville-fouesnant\/vendredi-06-mars-2231790?fbclid=IwAR2Mbwd5AiZcUU-PD0Xv72uq-NmOQlj1-H2tCzb3HfQ543KfE8IeLCK2HfY<\/a><\/p>\n\n\n<div class=\"wp-block-image\">\n<figure class=\"aligncenter size-large is-resized\"><img data-opt-id=2058444763  decoding=\"async\" src=\"https:\/\/mloeudo7ye9b.i.optimole.com\/w:auto\/h:auto\/q:mauto\/f:best\/https:\/\/www.macgleo.com\/blog\/wp-content\/uploads\/2020\/09\/Graphisme.png\" alt=\"\" class=\"wp-image-2980\" width=\"314\" height=\"159\" srcset=\"https:\/\/mloeudo7ye9b.i.optimole.com\/w:627\/h:318\/q:mauto\/f:best\/https:\/\/www.macgleo.com\/blog\/wp-content\/uploads\/2020\/09\/Graphisme.png 627w, https:\/\/mloeudo7ye9b.i.optimole.com\/w:300\/h:152\/q:mauto\/f:best\/https:\/\/www.macgleo.com\/blog\/wp-content\/uploads\/2020\/09\/Graphisme.png 300w\" sizes=\"(max-width: 314px) 100vw, 314px\" \/><\/figure>\n<\/div>\n\n\n<p>*Laurence Edward \u201cLaurie\u201d Lee (1914 &#8211; 1997) est un po\u00e8te, romancier, et sc\u00e9nariste anglais.<\/p>\n\n\n\n<p>** Tous les contes et interm\u00e8des sont en Fran\u00e7ais, les chansons sont selon le sujet en Breton car la culture des paysans cidriers de Cornouaille est en langue bretonne ou en Anglais car le cidre est une boisson du monde.<\/p>\n","protected":false},"excerpt":{"rendered":"<p>Afallen, le pommier en Breton ancien, est un titre inspir\u00e9 par un po\u00e8me du barde Myrddyn, Marzhin \u00e9crit-on en Breton moderne. Il n\u2019existe \u00e0 ce jour que de rares copies&hellip;&nbsp;<a href=\"https:\/\/www.macgleo.com\/blog\/2020\/09\/12\/afallen-la-genese-du-spectacle\/\" rel=\"bookmark\">Lire la suite &raquo;<span class=\"screen-reader-text\">AFALLEN, la gen\u00e8se du spectacle<\/span><\/a><\/p>\n","protected":false},"author":1,"featured_media":2980,"comment_status":"closed","ping_status":"open","sticky":false,"template":"","format":"standard","meta":{"neve_meta_sidebar":"","neve_meta_container":"","neve_meta_enable_content_width":"","neve_meta_content_width":0,"neve_meta_title_alignment":"","neve_meta_author_avatar":"","neve_post_elements_order":"","neve_meta_disable_header":"","neve_meta_disable_footer":"","neve_meta_disable_title":"","footnotes":""},"categories":[7],"tags":[],"class_list":["post-2956","post","type-post","status-publish","format-standard","has-post-thumbnail","hentry","category-contes"],"_links":{"self":[{"href":"https:\/\/www.macgleo.com\/blog\/wp-json\/wp\/v2\/posts\/2956","targetHints":{"allow":["GET"]}}],"collection":[{"href":"https:\/\/www.macgleo.com\/blog\/wp-json\/wp\/v2\/posts"}],"about":[{"href":"https:\/\/www.macgleo.com\/blog\/wp-json\/wp\/v2\/types\/post"}],"author":[{"embeddable":true,"href":"https:\/\/www.macgleo.com\/blog\/wp-json\/wp\/v2\/users\/1"}],"replies":[{"embeddable":true,"href":"https:\/\/www.macgleo.com\/blog\/wp-json\/wp\/v2\/comments?post=2956"}],"version-history":[{"count":20,"href":"https:\/\/www.macgleo.com\/blog\/wp-json\/wp\/v2\/posts\/2956\/revisions"}],"predecessor-version":[{"id":3327,"href":"https:\/\/www.macgleo.com\/blog\/wp-json\/wp\/v2\/posts\/2956\/revisions\/3327"}],"wp:featuredmedia":[{"embeddable":true,"href":"https:\/\/www.macgleo.com\/blog\/wp-json\/wp\/v2\/media\/2980"}],"wp:attachment":[{"href":"https:\/\/www.macgleo.com\/blog\/wp-json\/wp\/v2\/media?parent=2956"}],"wp:term":[{"taxonomy":"category","embeddable":true,"href":"https:\/\/www.macgleo.com\/blog\/wp-json\/wp\/v2\/categories?post=2956"},{"taxonomy":"post_tag","embeddable":true,"href":"https:\/\/www.macgleo.com\/blog\/wp-json\/wp\/v2\/tags?post=2956"}],"curies":[{"name":"wp","href":"https:\/\/api.w.org\/{rel}","templated":true}]}}