{"id":2498,"date":"2018-12-05T23:35:59","date_gmt":"2018-12-05T22:35:59","guid":{"rendered":"http:\/\/www.macgleo.com\/blog\/?p=2498"},"modified":"2018-12-05T23:35:59","modified_gmt":"2018-12-05T22:35:59","slug":"la-degustation-du-sistrot-du-4-decembre-2018","status":"publish","type":"post","link":"https:\/\/www.macgleo.com\/blog\/2018\/12\/05\/la-degustation-du-sistrot-du-4-decembre-2018\/","title":{"rendered":"La d\u00e9gustation du Sistrot du 4 d\u00e9cembre 2018"},"content":{"rendered":"<p><em><strong>Les vents \u00e9taient contraires et, \u00e0 peine plus bas que le niveau des quais, le joli fleuve de Cornouaille gonflait ses eaux des gouttes innombrables d\u2019une vaillante pluie d\u2019hiver. Cela ne d\u00e9couragea nullement nos d\u00e9gustateurs qui \u00e0 vrai dire semblaient assez satisfaits de ce retour durable d\u2019une eau qui quelques jours plus t\u00f4t \u00e9tait encore parcimonieuse. Malgr\u00e9 la p\u00e9riode ils furent plusieurs producteurs \u00e0 abandonner pour un soir, leurs moulins, presses, cuves et densim\u00e8tres, afin de se rassurer sur les raisons qui les poussent chaque ann\u00e9e \u00e0 s\u2019\u00e9reinter jusqu\u2019au bout des nuits d\u2019automne afin de transformer de gros tas de pommes en fines boissons dor\u00e9es.<\/strong><\/em><\/p>\n<p><a href=\"http:\/\/www.macgleo.com\/blog\/la-degustation-du-sistrot-du-4-decembre-2018\/20151007_pallox\/\" rel=\"attachment wp-att-2469\"><img data-opt-id=1081921070  fetchpriority=\"high\" decoding=\"async\" class=\"alignnone wp-image-2469\" src=\"https:\/\/mloeudo7ye9b.i.optimole.com\/w:300\/h:300\/q:mauto\/f:best\/http:\/\/www.macgleo.com\/blog\/wp-content\/uploads\/2018\/12\/20151007_Pallox.jpg\" alt=\"\" width=\"225\" height=\"225\" srcset=\"https:\/\/mloeudo7ye9b.i.optimole.com\/w:300\/h:300\/q:mauto\/f:best\/https:\/\/www.macgleo.com\/blog\/wp-content\/uploads\/2018\/12\/20151007_Pallox.jpg 300w, https:\/\/mloeudo7ye9b.i.optimole.com\/w:150\/h:150\/q:mauto\/f:best\/https:\/\/www.macgleo.com\/blog\/wp-content\/uploads\/2018\/12\/20151007_Pallox.jpg 150w, https:\/\/mloeudo7ye9b.i.optimole.com\/w:768\/h:768\/q:mauto\/f:best\/https:\/\/www.macgleo.com\/blog\/wp-content\/uploads\/2018\/12\/20151007_Pallox.jpg 768w, https:\/\/mloeudo7ye9b.i.optimole.com\/w:850\/h:850\/q:mauto\/f:best\/https:\/\/www.macgleo.com\/blog\/wp-content\/uploads\/2018\/12\/20151007_Pallox.jpg 850w\" sizes=\"(max-width: 225px) 100vw, 225px\" \/><\/a><a href=\"http:\/\/www.macgleo.com\/blog\/la-degustation-du-sistrot-du-4-decembre-2018\/20151007-pressage\/\" rel=\"attachment wp-att-2470\"><img data-opt-id=441510486  fetchpriority=\"high\" decoding=\"async\" class=\"alignnone wp-image-2470\" src=\"https:\/\/mloeudo7ye9b.i.optimole.com\/w:300\/h:300\/q:mauto\/f:best\/http:\/\/www.macgleo.com\/blog\/wp-content\/uploads\/2018\/12\/20151007-Pressage.jpg\" alt=\"\" width=\"225\" height=\"225\" srcset=\"https:\/\/mloeudo7ye9b.i.optimole.com\/w:300\/h:300\/q:mauto\/f:best\/https:\/\/www.macgleo.com\/blog\/wp-content\/uploads\/2018\/12\/20151007-Pressage.jpg 300w, https:\/\/mloeudo7ye9b.i.optimole.com\/w:150\/h:150\/q:mauto\/f:best\/https:\/\/www.macgleo.com\/blog\/wp-content\/uploads\/2018\/12\/20151007-Pressage.jpg 150w, https:\/\/mloeudo7ye9b.i.optimole.com\/w:768\/h:768\/q:mauto\/f:best\/https:\/\/www.macgleo.com\/blog\/wp-content\/uploads\/2018\/12\/20151007-Pressage.jpg 768w, https:\/\/mloeudo7ye9b.i.optimole.com\/w:850\/h:850\/q:mauto\/f:best\/https:\/\/www.macgleo.com\/blog\/wp-content\/uploads\/2018\/12\/20151007-Pressage.jpg 850w\" sizes=\"(max-width: 225px) 100vw, 225px\" \/><\/a><a href=\"http:\/\/www.macgleo.com\/blog\/la-degustation-du-sistrot-du-4-decembre-2018\/20151007_pressage\/\" rel=\"attachment wp-att-2471\"><img data-opt-id=1687991477  fetchpriority=\"high\" decoding=\"async\" class=\"alignnone wp-image-2471\" src=\"https:\/\/mloeudo7ye9b.i.optimole.com\/w:300\/h:300\/q:mauto\/f:best\/http:\/\/www.macgleo.com\/blog\/wp-content\/uploads\/2018\/12\/20151007_Pressage.jpg\" alt=\"\" width=\"225\" height=\"225\" srcset=\"https:\/\/mloeudo7ye9b.i.optimole.com\/w:300\/h:300\/q:mauto\/f:best\/https:\/\/www.macgleo.com\/blog\/wp-content\/uploads\/2018\/12\/20151007_Pressage.jpg 300w, https:\/\/mloeudo7ye9b.i.optimole.com\/w:150\/h:150\/q:mauto\/f:best\/https:\/\/www.macgleo.com\/blog\/wp-content\/uploads\/2018\/12\/20151007_Pressage.jpg 150w, https:\/\/mloeudo7ye9b.i.optimole.com\/w:768\/h:768\/q:mauto\/f:best\/https:\/\/www.macgleo.com\/blog\/wp-content\/uploads\/2018\/12\/20151007_Pressage.jpg 768w, https:\/\/mloeudo7ye9b.i.optimole.com\/w:850\/h:850\/q:mauto\/f:best\/https:\/\/www.macgleo.com\/blog\/wp-content\/uploads\/2018\/12\/20151007_Pressage.jpg 850w\" sizes=\"(max-width: 225px) 100vw, 225px\" \/><\/a><a href=\"http:\/\/www.macgleo.com\/blog\/la-degustation-du-sistrot-du-4-decembre-2018\/20141007_densite\/\" rel=\"attachment wp-att-2472\"><img data-opt-id=1562067993  decoding=\"async\" class=\"alignnone wp-image-2472\" src=\"https:\/\/mloeudo7ye9b.i.optimole.com\/w:300\/h:300\/q:mauto\/f:best\/http:\/\/www.macgleo.com\/blog\/wp-content\/uploads\/2018\/12\/20141007_Densité.jpg\" alt=\"\" width=\"225\" height=\"225\" srcset=\"https:\/\/mloeudo7ye9b.i.optimole.com\/w:300\/h:300\/q:mauto\/f:best\/https:\/\/www.macgleo.com\/blog\/wp-content\/uploads\/2018\/12\/20141007_Densit\u00e9.jpg 300w, https:\/\/mloeudo7ye9b.i.optimole.com\/w:150\/h:150\/q:mauto\/f:best\/https:\/\/www.macgleo.com\/blog\/wp-content\/uploads\/2018\/12\/20141007_Densit\u00e9.jpg 150w, https:\/\/mloeudo7ye9b.i.optimole.com\/w:768\/h:768\/q:mauto\/f:best\/https:\/\/www.macgleo.com\/blog\/wp-content\/uploads\/2018\/12\/20141007_Densit\u00e9.jpg 768w, https:\/\/mloeudo7ye9b.i.optimole.com\/w:850\/h:850\/q:mauto\/f:best\/https:\/\/www.macgleo.com\/blog\/wp-content\/uploads\/2018\/12\/20141007_Densit\u00e9.jpg 850w\" sizes=\"(max-width: 225px) 100vw, 225px\" \/><\/a><\/p>\n<p>\u00c0 propos du cru 2018, on notera que la Presse Quotidienne R\u00e9gionale, toujours pr\u00eate \u00e0 grossir le trait, annon\u00e7ait une p\u00e9nurie de pommes et des prix au d\u00e9bit s\u2019\u00e9levant vers les sommets. La r\u00e9alit\u00e9 est que la r\u00e9colte est simplement correcte et la p\u00e9nurie ne nous guette pas encore, loin s&rsquo;en faut. Par contre, les jus cette ann\u00e9e sont diablement sucr\u00e9s, preuve qu\u2019il a fait soleil, et cela augure de belles perspectives gourmandes. En attendant nous nous sommes pench\u00e9s sur les cinq propositions de Ronan, qui nous a fait voyager vers le<em> Kreiz-Breizh (centre Bretagne)<\/em>, le Maine, le Perche, La suisse et le Qu\u00e9bec.<\/p>\n<p><b>Poir\u00e9 &#8211; Keranna (2017 &#8211; 3,5%vol)<\/b><\/p>\n<p><a href=\"http:\/\/www.macgleo.com\/blog\/la-degustation-du-sistrot-du-4-decembre-2018\/20181204_keranna\/\" rel=\"attachment wp-att-2477\"><img data-opt-id=1972629141  decoding=\"async\" class=\"alignleft wp-image-2477 size-medium\" src=\"https:\/\/mloeudo7ye9b.i.optimole.com\/w:169\/h:300\/q:mauto\/f:best\/http:\/\/www.macgleo.com\/blog\/wp-content\/uploads\/2018\/12\/20181204_Keranna.jpg\" alt=\"\" width=\"169\" height=\"300\" srcset=\"https:\/\/mloeudo7ye9b.i.optimole.com\/w:169\/h:300\/q:mauto\/f:best\/https:\/\/www.macgleo.com\/blog\/wp-content\/uploads\/2018\/12\/20181204_Keranna.jpg 169w, https:\/\/mloeudo7ye9b.i.optimole.com\/w:478\/h:850\/q:mauto\/f:best\/https:\/\/www.macgleo.com\/blog\/wp-content\/uploads\/2018\/12\/20181204_Keranna.jpg 478w\" sizes=\"(max-width: 169px) 100vw, 169px\" \/><\/a><\/p>\n<p>En premier lieu, on notera que le nom est \u00e9crit avec un K barr\u00e9, une abr\u00e9viation de <em>Ker<\/em>\u00a0<em>(hameau ou village en Breton)\u00a0<\/em>utilis\u00e9e fr\u00e9quemment autrefois et revenue en gr\u00e2ce depuis quelques ann\u00e9es. La bouteille, joliment pr\u00e9sent\u00e9e est produite \u00e0 Plumieux <em>(village fond\u00e9 en 540, en limite des C\u00f4tes d\u2019Armor et du Morbihan)<\/em> avec des fruits provenant de poiriers plus que centenaires pour certains ainsi que de nouvelles plantations.<\/p>\n<p>Au service l\u2019effervescence est mesur\u00e9e et le verre se pare d\u2019une jolie couleur p\u00e2le. Le nez est fruit\u00e9 avec de la poire, des fleurs blanches et des notes <i>Tatin<\/i>. En bouche il est juste perlant, l\u2019attaque est souple et sucr\u00e9e avant de faire place au fruit et a une acidit\u00e9 adoucie de notes sucr\u00e9es qui parfument le palais avec assez de longueur. C\u2019est un beau poir\u00e9e tr\u00e8s agr\u00e9able en d\u00e9gustation et qui colporte une vraie belle histoire d\u2019excellence et de tradition paysanne.<\/p>\n<p><b>Corm\u00e9 &#8211; Eric Bordelet (2017 &#8211; 6%vol)<\/b><\/p>\n<p><a href=\"http:\/\/www.macgleo.com\/blog\/la-degustation-du-sistrot-du-4-decembre-2018\/20181204_corme\/\" rel=\"attachment wp-att-2480\"><img data-opt-id=304058603  decoding=\"async\" class=\"size-medium wp-image-2480 alignright\" src=\"https:\/\/mloeudo7ye9b.i.optimole.com\/w:169\/h:300\/q:mauto\/f:best\/http:\/\/www.macgleo.com\/blog\/wp-content\/uploads\/2018\/12\/20181204_Corme.jpg\" alt=\"\" width=\"169\" height=\"300\" srcset=\"https:\/\/mloeudo7ye9b.i.optimole.com\/w:169\/h:300\/q:mauto\/f:best\/https:\/\/www.macgleo.com\/blog\/wp-content\/uploads\/2018\/12\/20181204_Corme.jpg 169w, https:\/\/mloeudo7ye9b.i.optimole.com\/w:478\/h:850\/q:mauto\/f:best\/https:\/\/www.macgleo.com\/blog\/wp-content\/uploads\/2018\/12\/20181204_Corme.jpg 478w\" sizes=\"(max-width: 169px) 100vw, 169px\" \/><\/a><\/p>\n<p>Le Corm\u00e9 est une boisson \u00e9labor\u00e9e \u00e0 partir de cormes, les fruits du Cormier <i>(Sorbus domestica)<\/i>, un arbre qui peut prendre des proportions tr\u00e8s imposantes. Le Corm\u00e9 a longtemps \u00e9t\u00e9 produit en de nombreuses campagnes, mais avait quasiment disparu, bien qu&rsquo;en Allemagne les producteurs d\u2019<i>Apfelwein<\/i> en incorporent toujours dans leurs assemblages vari\u00e9taux.<\/p>\n<p>Tr\u00e8s jolie bouteille au long col et \u00e0 la pr\u00e9sentation soign\u00e9e. Au service, la petite et douce effervescence laisse d\u00e9couvrir une belle robe p\u00e2le. Le nez est clair et engageant avec des parfums de fruits, nouveaux pour nous, qui font penser \u00e0 des vins de vendanges tardives et \u00e0 quelques <i>Apfelwein<\/i> des alentours de Francfort. En bouche, l\u2019attaque est douce, presque onctueuse et laisse place \u00e0 une amplitude am\u00e8re o\u00f9 l\u2019astringence est contenue. La finale est assez longue avec du fruit et un sillage acide et amertum\u00e9 bien adouci et ma\u00eetris\u00e9. Un belle d\u00e9couverte qui laisse entrevoir des accords gourmands originaux.<\/p>\n<p><b>Cidre effervescent &#8211; Cartier-Potelle (2014 &#8211; 10%vol)<\/b><\/p>\n<p><a href=\"http:\/\/www.macgleo.com\/blog\/la-degustation-du-sistrot-du-4-decembre-2018\/20181204_cartier\/\" rel=\"attachment wp-att-2482\"><img data-opt-id=118551677  decoding=\"async\" class=\"alignleft size-medium wp-image-2482\" src=\"https:\/\/mloeudo7ye9b.i.optimole.com\/w:169\/h:300\/q:mauto\/f:best\/http:\/\/www.macgleo.com\/blog\/wp-content\/uploads\/2018\/12\/20181204_Cartier.jpg\" alt=\"\" width=\"169\" height=\"300\" srcset=\"https:\/\/mloeudo7ye9b.i.optimole.com\/w:169\/h:300\/q:mauto\/f:best\/https:\/\/www.macgleo.com\/blog\/wp-content\/uploads\/2018\/12\/20181204_Cartier.jpg 169w, https:\/\/mloeudo7ye9b.i.optimole.com\/w:478\/h:850\/q:mauto\/f:best\/https:\/\/www.macgleo.com\/blog\/wp-content\/uploads\/2018\/12\/20181204_Cartier.jpg 478w\" sizes=\"(max-width: 169px) 100vw, 169px\" \/><\/a><\/p>\n<p>Le Domaine Cartier-Potelle, \u00e0 Rougemont au Qu\u00e9bec\u00a0<i>(une cinquantaine de kilom\u00e8tre au sud de Montr\u00e9al),<\/i> produit du vin et du cidre. Ce cidre effervescent est le seul cidre p\u00e9tillant de la gamme<em> (qui compt\u00e9 \u00e9videmment un cidre de glace)<\/em> et est \u00e9labor\u00e9 selon la m\u00e9thode champenoise avec prise de mousse en bouteille. Les vari\u00e9t\u00e9 utilis\u00e9e sont les <em>Royal-Gala, McIntosh et Empire<\/em>, ce qui est assez conforme aux usages Nord-Am\u00e9ricain.<\/p>\n<p>Au service il y a un bel effet de mousse. La couleur jaune p\u00e2le et brillante est anim\u00e9e de fines bulles. Le nez est sympathique avec du fruits frais <i>(un peu agrume)<\/i> et des notes un peu chaudes comme quelques cidres de glace. En bouche l\u2019attaque est nette et acidul\u00e9e. S\u2019il y a peu de corps, des notes de citron vert apportent de l\u2019amertume \u00e0 la finale qui se poursuit quelques temps. Un bon cidre acidul\u00e9 et fort, loin de nos standards europ\u00e9ens, mais au caract\u00e8re affirm\u00e9.<\/p>\n<p><b>\u00c0 propos d\u2019ailes &#8211; Cidrerie du Vulcain (2016 &#8211; 4%vol)<\/b><\/p>\n<p><a href=\"http:\/\/www.macgleo.com\/blog\/la-degustation-du-sistrot-du-4-decembre-2018\/20181204_vulcain\/\" rel=\"attachment wp-att-2483\"><img data-opt-id=573148698  decoding=\"async\" class=\"alignright size-medium wp-image-2483\" src=\"https:\/\/mloeudo7ye9b.i.optimole.com\/w:169\/h:300\/q:mauto\/f:best\/http:\/\/www.macgleo.com\/blog\/wp-content\/uploads\/2018\/12\/20181204_Vulcain.jpg\" alt=\"\" width=\"169\" height=\"300\" srcset=\"https:\/\/mloeudo7ye9b.i.optimole.com\/w:169\/h:300\/q:mauto\/f:best\/https:\/\/www.macgleo.com\/blog\/wp-content\/uploads\/2018\/12\/20181204_Vulcain.jpg 169w, https:\/\/mloeudo7ye9b.i.optimole.com\/w:478\/h:850\/q:mauto\/f:best\/https:\/\/www.macgleo.com\/blog\/wp-content\/uploads\/2018\/12\/20181204_Vulcain.jpg 478w\" sizes=\"(max-width: 169px) 100vw, 169px\" \/><\/a><\/p>\n<p>La cidrerie suisse du Vulcain nous a d\u00e9j\u00e0 propos\u00e9 quelques une de ses productions \u00e0 la d\u00e9gustation. Celui-ci est une cuv\u00e9e sp\u00e9ciale \u00e9labor\u00e9e \u00e0 partir de lots de pommes Bio, s\u00e9lectionn\u00e9s (Tobi\u00e4sler, Boskoop et Bohnapfel) et cultiv\u00e9es en Thurgovie.<\/p>\n<p>Au service l\u2019effet de mousse est \u00e0 la hauteur de l\u2019attente. La couleur orange p\u00e2le est anim\u00e9e d\u2019un l\u00e9ger mouvement de bulles. Le nez est fruit\u00e9 et restitue le m\u00e9lange vari\u00e9tal avec des notes de miel. En bouche c\u2019est doux et fruit\u00e9 avec une saveur acidul\u00e9 \u00e0 la mani\u00e8re de quelques sucreries d\u2019enfance. La finale est douce avec des parfums de miel. S\u2019il manque d\u2019un petit suppl\u00e9ment de caract\u00e8re, c\u2019est un cidre plaisant pour la d\u00e9gustation.<\/p>\n<p><b>Cidre du Perche &#8211; l\u2019Hermiti\u00e8re<\/b><strong> (Brut 2013 &#8211; 5%vol)<\/strong><\/p>\n<p><a href=\"http:\/\/www.macgleo.com\/blog\/la-degustation-du-sistrot-du-4-decembre-2018\/20181204_perche\/\" rel=\"attachment wp-att-2485\"><img data-opt-id=1592569731  decoding=\"async\" class=\"alignleft size-medium wp-image-2485\" src=\"https:\/\/mloeudo7ye9b.i.optimole.com\/w:169\/h:300\/q:mauto\/f:best\/http:\/\/www.macgleo.com\/blog\/wp-content\/uploads\/2018\/12\/20181204_Perche.jpg\" alt=\"\" width=\"169\" height=\"300\" srcset=\"https:\/\/mloeudo7ye9b.i.optimole.com\/w:169\/h:300\/q:mauto\/f:best\/https:\/\/www.macgleo.com\/blog\/wp-content\/uploads\/2018\/12\/20181204_Perche.jpg 169w, https:\/\/mloeudo7ye9b.i.optimole.com\/w:478\/h:850\/q:mauto\/f:best\/https:\/\/www.macgleo.com\/blog\/wp-content\/uploads\/2018\/12\/20181204_Perche.jpg 478w\" sizes=\"(max-width: 169px) 100vw, 169px\" \/><\/a><\/p>\n<p>Install\u00e9e au Theil sur Huisne, la cidrerie traditionnelle du Perche est un \u00e9tablissement connu de longue date pour ses cidres, calvados, pommeaux et poir\u00e9s. La bouteille, sobrement pr\u00e9sent\u00e9e refl\u00e8te parfaitement cet attachement \u00e0 la tradition.<\/p>\n<p>An service il y a un bel effet de mousse. Dans le verre, la couleur orange est la fois limpide curieusement teint\u00e9e une petite tonalit\u00e9 sombre. Le nez de fruits<span class=\"Apple-converted-space\">\u00a0 <\/span>est un peu lointain, probablement du fait de l\u2019\u00e2ge du flacon <i>(5 ans tout de m\u00eame)<\/i>. En bouche, l\u2019\u00e9quilibre est impeccable m\u00eame si cela manque un petit peu de corps. La finale est fruit\u00e9e sans \u00eatre tr\u00e8s affirm\u00e9e. D\u2019une mani\u00e8re unanime les d\u00e9gustateurs ont salu\u00e9 la tenue de ce cidre de tradition, m\u00eame si au nez en particulier, il avoue \u00a0son \u00e2ge.<\/p>\n<p><a href=\"http:\/\/www.macgleo.com\/blog\/la-degustation-du-sistrot-du-4-decembre-2018\/20151005_cr-ponterec\/\" rel=\"attachment wp-att-2486\"><img data-opt-id=117490042  decoding=\"async\" class=\"aligncenter size-full wp-image-2486\" src=\"https:\/\/mloeudo7ye9b.i.optimole.com\/w:auto\/h:auto\/q:mauto\/f:best\/http:\/\/www.macgleo.com\/blog\/wp-content\/uploads\/2018\/12\/20151005_CR-Ponterec.jpg\" alt=\"\" width=\"850\" height=\"402\" srcset=\"https:\/\/mloeudo7ye9b.i.optimole.com\/w:850\/h:402\/q:mauto\/f:best\/https:\/\/www.macgleo.com\/blog\/wp-content\/uploads\/2018\/12\/20151005_CR-Ponterec.jpg 850w, https:\/\/mloeudo7ye9b.i.optimole.com\/w:300\/h:142\/q:mauto\/f:best\/https:\/\/www.macgleo.com\/blog\/wp-content\/uploads\/2018\/12\/20151005_CR-Ponterec.jpg 300w, https:\/\/mloeudo7ye9b.i.optimole.com\/w:768\/h:363\/q:mauto\/f:best\/https:\/\/www.macgleo.com\/blog\/wp-content\/uploads\/2018\/12\/20151005_CR-Ponterec.jpg 768w\" sizes=\"(max-width: 850px) 100vw, 850px\" \/><\/a><\/p>\n<p><em>Ce fut un excellent moment de d\u00e9couverte,<span class=\"Apple-converted-space\">\u00a0 <\/span>avec une belle s\u00e9rie de produits tous diff\u00e9rents, mais \u00e0 chaque fois \u00e9labor\u00e9 selon les m\u00e9thodes traditionnelles propres \u00e0 chaque terroir. Mersi bras \u00e0 Ronan et Erwan, nos h\u00f4tes du Sistrot, \u00e0 Marine et Brieug\u00a0de la Cidrerie de Kermao, \u00e0 Val\u00e9rie du Cidref, \u00e0 Erwan de la Cidrerie de Ponterec, \u00e0 Jennifer de la Cidrerie de Rozavern, \u00e0 Paul de la Cidrerie Co\u00efc et \u00e0 Gwen des Cidres Le Brun. Mersi bras \u00e9galement \u00e0 Claude, harpiste et complice de nos soir\u00e9es cont\u00e9es, qui abandonne r\u00e9guli\u00e8rement son instrument pour s\u2019occuper de son verger et pr\u00e9parer sa petite cidrerie.<\/em><\/p>\n","protected":false},"excerpt":{"rendered":"<p>Les vents \u00e9taient contraires et, \u00e0 peine plus bas que le niveau des quais, le joli fleuve de Cornouaille gonflait ses eaux des gouttes innombrables d\u2019une vaillante pluie d\u2019hiver. Cela&hellip;&nbsp;<a href=\"https:\/\/www.macgleo.com\/blog\/2018\/12\/05\/la-degustation-du-sistrot-du-4-decembre-2018\/\" rel=\"bookmark\">Lire la suite &raquo;<span class=\"screen-reader-text\">La d\u00e9gustation du Sistrot du 4 d\u00e9cembre 2018<\/span><\/a><\/p>\n","protected":false},"author":1,"featured_media":0,"comment_status":"closed","ping_status":"open","sticky":false,"template":"","format":"standard","meta":{"neve_meta_sidebar":"","neve_meta_container":"","neve_meta_enable_content_width":"","neve_meta_content_width":0,"neve_meta_title_alignment":"","neve_meta_author_avatar":"","neve_post_elements_order":"","neve_meta_disable_header":"","neve_meta_disable_footer":"","neve_meta_disable_title":"","footnotes":""},"categories":[4],"tags":[],"class_list":["post-2498","post","type-post","status-publish","format-standard","hentry","category-cidre"],"_links":{"self":[{"href":"https:\/\/www.macgleo.com\/blog\/wp-json\/wp\/v2\/posts\/2498","targetHints":{"allow":["GET"]}}],"collection":[{"href":"https:\/\/www.macgleo.com\/blog\/wp-json\/wp\/v2\/posts"}],"about":[{"href":"https:\/\/www.macgleo.com\/blog\/wp-json\/wp\/v2\/types\/post"}],"author":[{"embeddable":true,"href":"https:\/\/www.macgleo.com\/blog\/wp-json\/wp\/v2\/users\/1"}],"replies":[{"embeddable":true,"href":"https:\/\/www.macgleo.com\/blog\/wp-json\/wp\/v2\/comments?post=2498"}],"version-history":[{"count":2,"href":"https:\/\/www.macgleo.com\/blog\/wp-json\/wp\/v2\/posts\/2498\/revisions"}],"predecessor-version":[{"id":2500,"href":"https:\/\/www.macgleo.com\/blog\/wp-json\/wp\/v2\/posts\/2498\/revisions\/2500"}],"wp:attachment":[{"href":"https:\/\/www.macgleo.com\/blog\/wp-json\/wp\/v2\/media?parent=2498"}],"wp:term":[{"taxonomy":"category","embeddable":true,"href":"https:\/\/www.macgleo.com\/blog\/wp-json\/wp\/v2\/categories?post=2498"},{"taxonomy":"post_tag","embeddable":true,"href":"https:\/\/www.macgleo.com\/blog\/wp-json\/wp\/v2\/tags?post=2498"}],"curies":[{"name":"wp","href":"https:\/\/api.w.org\/{rel}","templated":true}]}}