{"id":2304,"date":"2018-05-25T23:04:29","date_gmt":"2018-05-25T21:04:29","guid":{"rendered":"http:\/\/www.macgleo.com\/blog\/?p=2304"},"modified":"2018-05-26T00:01:59","modified_gmt":"2018-05-25T22:01:59","slug":"quelque-part-sur-la-planete-cidre","status":"publish","type":"post","link":"https:\/\/www.macgleo.com\/blog\/2018\/05\/25\/quelque-part-sur-la-planete-cidre\/","title":{"rendered":"Quelque part, sur la plan\u00e8te cidre."},"content":{"rendered":"<p><a href=\"http:\/\/www.macgleo.com\/blog\/2018\/05\/25\/quelque-part-sur-la-planete-cidre\/20180428_quebec1\/\" rel=\"attachment wp-att-2305\"><img data-opt-id=1287840496  fetchpriority=\"high\" decoding=\"async\" class=\"aligncenter wp-image-2305 size-medium\" src=\"https:\/\/mloeudo7ye9b.i.optimole.com\/w:300\/h:300\/q:mauto\/f:best\/http:\/\/www.macgleo.com\/blog\/wp-content\/uploads\/2018\/05\/20180428_Quebec1.jpg\" alt=\"\" width=\"300\" height=\"300\" srcset=\"https:\/\/mloeudo7ye9b.i.optimole.com\/w:300\/h:300\/q:mauto\/f:best\/https:\/\/www.macgleo.com\/blog\/wp-content\/uploads\/2018\/05\/20180428_Quebec1.jpg 300w, https:\/\/mloeudo7ye9b.i.optimole.com\/w:150\/h:150\/q:mauto\/f:best\/https:\/\/www.macgleo.com\/blog\/wp-content\/uploads\/2018\/05\/20180428_Quebec1.jpg 150w, https:\/\/mloeudo7ye9b.i.optimole.com\/w:768\/h:769\/q:mauto\/f:best\/https:\/\/www.macgleo.com\/blog\/wp-content\/uploads\/2018\/05\/20180428_Quebec1.jpg 768w, https:\/\/mloeudo7ye9b.i.optimole.com\/w:850\/h:851\/q:mauto\/f:best\/https:\/\/www.macgleo.com\/blog\/wp-content\/uploads\/2018\/05\/20180428_Quebec1.jpg 850w\" sizes=\"(max-width: 300px) 100vw, 300px\" \/><\/a><\/p>\n<p><strong><i>Il n\u2019y a pas eu besoin d\u2019attendre bien longtemps pour retrouver Claude Jolic\u0153ur quelque part sur la plan\u00e8te cidre. La semaine du cidre au Quebec suivait le Cider World de quelques jours, nous offrant ainsi l\u2019occasion de d\u00e9couvrir les cidres que nous n\u2019avions pas eu le temps de d\u00e9guster sur place.<\/i><\/strong><\/p>\n<p>Le Qu\u00e9bec a une place \u00e0 part dans le monde du cidre. Le concentr\u00e9 y est banni et le cidre ici, c\u2019est \u00e0 partir de jus de pomme fra\u00eeches, point final. Certes ce sont souvent des pommes \u00e0 couteau, mais ce sont des pommes. La raison en est simple, \u00e0 une certaine \u00e9poque, une r\u00e9glementation trop laxiste permit \u00e0 quelques industriels d\u2019inonder le march\u00e9 de boissons certes tr\u00e8s accessibles, mais peu agr\u00e9ables \u00e0 consommer. Le r\u00e9sultat fut un effondrement de la demande et la fin de l\u2019histoire.<\/p>\n<p>En toute fin de XX<sup>e<\/sup> si\u00e8cle Christian Barthomeuf et Pierre Lafond eurent, chacun dans son coin, la m\u00eame bonne id\u00e9e du cidre de glace. Cela redonna un peu de lustre \u00e0 la boisson de pomme, et l\u2019aventure reprit son cours. Depuis, \u00e0 chaque printemps, il s\u2019en est \u00e9coul\u00e9 de la neige fondue dans les rivi\u00e8res\u00a0<i>(nous avons pu \u201cappr\u00e9cier\u201d la campagne gorg\u00e9e d\u2019eau).<\/i> Il y a deux ou trois ans la fili\u00e8re cidricole locale brillait par son inventivit\u00e9 et l\u2019usage pertinent du marketing pour investir les magasins de la SAQ. Cela ne se d\u00e9ment pas, mais quelques changements apparaissent.<\/p>\n<p>Il commence \u00e0 exister, comme dans beaucoup de pays, un noyau d\u2019amateurs de cidre qui ne se satisfont plus des saveurs \u201cmarket\u00e9es\u201d des produits grand-public, m\u00eame de belle facture. Ce que ces consommateurs plus exigeants recherchent c\u2019est un vrai go\u00fbt de pomme \u00e0 cidre, qui n\u2019aurait pas besoin d\u2019ar\u00f4mes ou de sucres ajout\u00e9s.<\/p>\n<p><a href=\"http:\/\/www.macgleo.com\/blog\/2018\/05\/25\/quelque-part-sur-la-planete-cidre\/20180501_lac\/\" rel=\"attachment wp-att-2309\"><img data-opt-id=1403684911  fetchpriority=\"high\" decoding=\"async\" class=\"aligncenter size-full wp-image-2309\" src=\"https:\/\/mloeudo7ye9b.i.optimole.com\/w:auto\/h:auto\/q:mauto\/f:best\/http:\/\/www.macgleo.com\/blog\/wp-content\/uploads\/2018\/05\/20180501_Lac.jpg\" alt=\"\" width=\"850\" height=\"567\" srcset=\"https:\/\/mloeudo7ye9b.i.optimole.com\/w:850\/h:567\/q:mauto\/f:best\/https:\/\/www.macgleo.com\/blog\/wp-content\/uploads\/2018\/05\/20180501_Lac.jpg 850w, https:\/\/mloeudo7ye9b.i.optimole.com\/w:300\/h:200\/q:mauto\/f:best\/https:\/\/www.macgleo.com\/blog\/wp-content\/uploads\/2018\/05\/20180501_Lac.jpg 300w, https:\/\/mloeudo7ye9b.i.optimole.com\/w:768\/h:512\/q:mauto\/f:best\/https:\/\/www.macgleo.com\/blog\/wp-content\/uploads\/2018\/05\/20180501_Lac.jpg 768w\" sizes=\"(max-width: 850px) 100vw, 850px\" \/><\/a><\/p>\n<p>Nous avons visit\u00e9 des vergers dans le sud, pr\u00e8s de la fronti\u00e8re avec le voisin \u00c9tatsunien, des exp\u00e9rimentations sont en cours avec souvent des vari\u00e9t\u00e9s \u00e0 cidre d\u2019origine anglaise, mais \u00e9galement quelques vari\u00e9t\u00e9s indig\u00e8nes. Il faudra du temps, mais le mouvement semble initi\u00e9.<\/p>\n<p><a href=\"http:\/\/www.macgleo.com\/blog\/2018\/05\/25\/quelque-part-sur-la-planete-cidre\/attachment\/20180503\/\" rel=\"attachment wp-att-2316\"><img data-opt-id=223001173  fetchpriority=\"high\" decoding=\"async\" class=\"aligncenter wp-image-2316 size-full\" src=\"https:\/\/mloeudo7ye9b.i.optimole.com\/w:auto\/h:auto\/q:mauto\/f:best\/http:\/\/www.macgleo.com\/blog\/wp-content\/uploads\/2018\/05\/20180503.jpg\" alt=\"\" width=\"850\" height=\"478\" srcset=\"https:\/\/mloeudo7ye9b.i.optimole.com\/w:850\/h:478\/q:mauto\/f:best\/https:\/\/www.macgleo.com\/blog\/wp-content\/uploads\/2018\/05\/20180503.jpg 850w, https:\/\/mloeudo7ye9b.i.optimole.com\/w:300\/h:169\/q:mauto\/f:best\/https:\/\/www.macgleo.com\/blog\/wp-content\/uploads\/2018\/05\/20180503.jpg 300w, https:\/\/mloeudo7ye9b.i.optimole.com\/w:768\/h:432\/q:mauto\/f:best\/https:\/\/www.macgleo.com\/blog\/wp-content\/uploads\/2018\/05\/20180503.jpg 768w\" sizes=\"(max-width: 850px) 100vw, 850px\" \/><\/a><\/p>\n<p>Nous avons visit\u00e9 une cidrerie o\u00f9 l\u2019on travaille ce que l\u2019on peut appeler un \u201ccidre d\u2019hiver\u201d. Il s\u2019agit, comme pour le cidre de glace, d\u2019utiliser le froid pour mieux concentrer le sucre. Avec une prise de mousse en bouteille ce cidre est ensuite \u201cajust\u00e9\u201d au cidre de glace lors du d\u00e9gorgement et cela change tout. Nous avons \u00e9galement test\u00e9 un cidre \u201csauvage\u201d, c\u2019est \u00e0 dire utilisant des levures indig\u00e8nes et des vari\u00e9t\u00e9s moins acidul\u00e9s. L\u00e0 encore le r\u00e9sultat fait plaisir.<\/p>\n<p><a href=\"http:\/\/www.macgleo.com\/blog\/2018\/05\/25\/quelque-part-sur-la-planete-cidre\/20180505_treuzkas\/\" rel=\"attachment wp-att-2319\"><img data-opt-id=2053729812  decoding=\"async\" class=\"size-medium wp-image-2319 alignleft\" src=\"https:\/\/mloeudo7ye9b.i.optimole.com\/w:225\/h:300\/q:mauto\/f:best\/http:\/\/www.macgleo.com\/blog\/wp-content\/uploads\/2018\/05\/20180505_Treuzkas.jpg\" alt=\"\" width=\"225\" height=\"300\" srcset=\"https:\/\/mloeudo7ye9b.i.optimole.com\/w:225\/h:300\/q:mauto\/f:best\/https:\/\/www.macgleo.com\/blog\/wp-content\/uploads\/2018\/05\/20180505_Treuzkas.jpg 225w, https:\/\/mloeudo7ye9b.i.optimole.com\/w:638\/h:850\/q:mauto\/f:best\/https:\/\/www.macgleo.com\/blog\/wp-content\/uploads\/2018\/05\/20180505_Treuzkas.jpg 638w\" sizes=\"(max-width: 225px) 100vw, 225px\" \/><\/a>Et puis nous avons particip\u00e9 \u00e0 notre mani\u00e8re \u00e0 la semaine du cidre. Claude Jolic\u0153ur et Emile Robert <i>(Cidrerie le Somnembule1)<\/i> avaient organis\u00e9 une journ\u00e9e avec des d\u00e9gustations, des conf\u00e9rences et une matin\u00e9e d\u2019initiation au greffage. Ils attendaient vingt personnes, il en est venu cinquante et chacun d&rsquo;eux est reparti avec un petit pommier greff\u00e9 de la vari\u00e9t\u00e9 \u00a0\u00e0 cidre de son choix <i>(parmi 4 vari\u00e9t\u00e9s locales).<\/i><\/p>\n<p>Ces jeunes gens qui sont venus, exp\u00e9rimentent d\u00e9j\u00e0 pour certains, avec plus ou moins de bonheur, de la bi\u00e8re, du vin ou du cidre, mais ce qui les attire tous, c\u2019est le pommier, un arbre capable \u00e0 lui seul d\u2019\u00eatre un havre de vie et de donner chaque ann\u00e9e son lot de pommes. Si avec quelques arbres, en dosant diff\u00e9rentes vari\u00e9t\u00e9s, on peut \u00e9laborer du bon cidre, oui cela vaut la peine. Une participante m\u2019a dit: \u201cnous on fera ce qu\u2019on pourra, mais nos enfants auront d\u00e9j\u00e0 des pommiers exp\u00e9riment\u00e9s et nos petits-enfants, ils pourront faire du vrai cidre, avec des pommes d\u2019ici\u201d.<\/p>\n<p>Dans la journ\u00e9e, nous avons pu \u201cplacoter\u201d avec Yves, un ancien p\u00e9pini\u00e9riste qui parcourt les Appalaches \u00e0 la recherche de vari\u00e9t\u00e9s sauvages dignes d\u2019int\u00e9r\u00eat. Jusqu\u2019ici, il cherchait plut\u00f4t des fruits \u00e0 croquer, mais au cours de la discussion il s\u2019est dit que certains fruits, d\u00e9j\u00e0 rep\u00e9r\u00e9s, seraient probablement int\u00e9ressants pour le cidre. Voil\u00e0 une aventure sympathique qui me laisse \u00e0 penser que nos anciens, en Bretagne, ont du faire la m\u00eame chose, il y a juste cent ou deux cent ans d&rsquo;\u00e9cart.<\/p>\n<p>D\u2019ici que, dans quelques d\u00e9cennies, ce soit les cidriers du \u201cNouveau Monde\u201d qui viennent chez nous parler de leur belle tradition cidricole. Nous n\u2019en sommes pas l\u00e0, mais chez nous, dans la vieille Europe, nous avons \u00e0 d\u00e9fendre un cidre, inscrit au patrimoine de quelques pays. Or l\u2019absence de d\u00e9finition s\u00e9rieuse de ce qu\u2019est vraiment le cidre, ouvre la voie \u00e0 des interpr\u00e9tations qui si nous n\u2019y prenons pas garde pourraient effectivement laisser un jour, cette possibilit\u00e9 \u00e0 nos amis Qu\u00e9b\u00e9cois.<\/p>\n<p>Ce fut un beau s\u00e9jour, comme toujours un peu bref, pendant lequel nous avons vant\u00e9 et parfois d\u00e9gust\u00e9 de l&rsquo;AOP Cornouaille avec des Bretons \u00a0crois\u00e9s dans des cr\u00eaperies \u00e0 Montr\u00e9al2 ou \u00e0 Qu\u00e9bec3. Nous avons eu quelques inqui\u00e9tudes car les gr\u00e8ves <i>(d\u2019avions et de trains)<\/i> dans l\u2019Hexagone contrariaient notre retour.\u00a0Finalement tout c\u2019est plus ou moins bien pass\u00e9, mais fl\u00e2nant sur le port de Qu\u00e9bec au matin du d\u00e9part, nous nous sommes dit qu\u2019en bateau: \u201cc\u2019est pas si pire\u201d.<\/p>\n<p><a href=\"http:\/\/www.macgleo.com\/blog\/2018\/05\/25\/quelque-part-sur-la-planete-cidre\/20180506_quebec\/\" rel=\"attachment wp-att-2327\"><img data-opt-id=1846237541  decoding=\"async\" class=\"aligncenter wp-image-2327 size-full\" src=\"https:\/\/mloeudo7ye9b.i.optimole.com\/w:auto\/h:auto\/q:mauto\/f:best\/http:\/\/www.macgleo.com\/blog\/wp-content\/uploads\/2018\/05\/20180506_Quebec.jpg\" alt=\"\" width=\"850\" height=\"850\" srcset=\"https:\/\/mloeudo7ye9b.i.optimole.com\/w:850\/h:850\/q:mauto\/f:best\/https:\/\/www.macgleo.com\/blog\/wp-content\/uploads\/2018\/05\/20180506_Quebec.jpg 850w, https:\/\/mloeudo7ye9b.i.optimole.com\/w:150\/h:150\/q:mauto\/f:best\/https:\/\/www.macgleo.com\/blog\/wp-content\/uploads\/2018\/05\/20180506_Quebec.jpg 150w, https:\/\/mloeudo7ye9b.i.optimole.com\/w:300\/h:300\/q:mauto\/f:best\/https:\/\/www.macgleo.com\/blog\/wp-content\/uploads\/2018\/05\/20180506_Quebec.jpg 300w, https:\/\/mloeudo7ye9b.i.optimole.com\/w:768\/h:768\/q:mauto\/f:best\/https:\/\/www.macgleo.com\/blog\/wp-content\/uploads\/2018\/05\/20180506_Quebec.jpg 768w\" sizes=\"(max-width: 850px) 100vw, 850px\" \/><\/a><i>Merci \u00e0 Monique, Luc, Zach\u00e9, Banou, Claude, Eve, Emile, et tous ceux crois\u00e9s sur la route, pour leur accueil<\/i><i>.<\/i><\/p>\n<p>1 &#8211;\u00a0www.lesomnambule.com<\/p>\n<p>2 &#8211;\u00a0www.obreton.ca<\/p>\n<p>3 &#8211;\u00a0www.facebook.com\/CreperiebistroLeBillig\/<\/p>\n","protected":false},"excerpt":{"rendered":"<p>Il n\u2019y a pas eu besoin d\u2019attendre bien longtemps pour retrouver Claude Jolic\u0153ur quelque part sur la plan\u00e8te cidre. La semaine du cidre au Quebec suivait le Cider World de&hellip;&nbsp;<a href=\"https:\/\/www.macgleo.com\/blog\/2018\/05\/25\/quelque-part-sur-la-planete-cidre\/\" rel=\"bookmark\">Lire la suite &raquo;<span class=\"screen-reader-text\">Quelque part, sur la plan\u00e8te cidre.<\/span><\/a><\/p>\n","protected":false},"author":1,"featured_media":0,"comment_status":"open","ping_status":"open","sticky":false,"template":"","format":"standard","meta":{"neve_meta_sidebar":"","neve_meta_container":"","neve_meta_enable_content_width":"","neve_meta_content_width":0,"neve_meta_title_alignment":"","neve_meta_author_avatar":"","neve_post_elements_order":"","neve_meta_disable_header":"","neve_meta_disable_footer":"","neve_meta_disable_title":"","footnotes":""},"categories":[7],"tags":[],"class_list":["post-2304","post","type-post","status-publish","format-standard","hentry","category-contes"],"_links":{"self":[{"href":"https:\/\/www.macgleo.com\/blog\/wp-json\/wp\/v2\/posts\/2304","targetHints":{"allow":["GET"]}}],"collection":[{"href":"https:\/\/www.macgleo.com\/blog\/wp-json\/wp\/v2\/posts"}],"about":[{"href":"https:\/\/www.macgleo.com\/blog\/wp-json\/wp\/v2\/types\/post"}],"author":[{"embeddable":true,"href":"https:\/\/www.macgleo.com\/blog\/wp-json\/wp\/v2\/users\/1"}],"replies":[{"embeddable":true,"href":"https:\/\/www.macgleo.com\/blog\/wp-json\/wp\/v2\/comments?post=2304"}],"version-history":[{"count":28,"href":"https:\/\/www.macgleo.com\/blog\/wp-json\/wp\/v2\/posts\/2304\/revisions"}],"predecessor-version":[{"id":2340,"href":"https:\/\/www.macgleo.com\/blog\/wp-json\/wp\/v2\/posts\/2304\/revisions\/2340"}],"wp:attachment":[{"href":"https:\/\/www.macgleo.com\/blog\/wp-json\/wp\/v2\/media?parent=2304"}],"wp:term":[{"taxonomy":"category","embeddable":true,"href":"https:\/\/www.macgleo.com\/blog\/wp-json\/wp\/v2\/categories?post=2304"},{"taxonomy":"post_tag","embeddable":true,"href":"https:\/\/www.macgleo.com\/blog\/wp-json\/wp\/v2\/tags?post=2304"}],"curies":[{"name":"wp","href":"https:\/\/api.w.org\/{rel}","templated":true}]}}