{"id":207,"date":"2012-10-06T19:43:02","date_gmt":"2012-10-06T17:43:02","guid":{"rendered":"http:\/\/www.macgleo.com\/blog\/?p=207"},"modified":"2012-10-06T19:43:02","modified_gmt":"2012-10-06T17:43:02","slug":"tochad-lagadennet-epis-ocelles","status":"publish","type":"post","link":"https:\/\/www.macgleo.com\/blog\/2012\/10\/06\/tochad-lagadennet-epis-ocelles\/","title":{"rendered":"Toc\u2019had Lagadennet (\u00e9pis ocell\u00e9s)"},"content":{"rendered":"<p>Faire l\u2019artiste n\u2019\u00e9tait pas dans l\u2019air du temps du Fouenant des ann\u00e9es 60. J\u2019ai donc fait le dessinateur industriel tout en continuant \u00e0 dessiner la nature qui me passait sous l\u2019\u0153il.<\/p>\n<p>J\u2019avais \u00e9videmment remarqu\u00e9 les d\u00e9cors et entrelacs de l\u2019\u00e9glise, des bijoux et meubles que nous poss\u00e9dions et \u00e9tudi\u00e9 les traces du travail des Seizh Vreur.<\/p>\n<p>D\u00e8s que j\u2019en ai eu les moyens, je me suis empress\u00e9 d\u2019acheter un livre de Georges Bain et une copie du Book of Kells o\u00f9 je fus content de constater que la r\u00e8gle et le compas n\u2019\u00e9taient pas totalement absents.<\/p>\n<p>Lorsque j\u2019ai achet\u00e9 le recueil des travaux de Charles Le Roux sur l\u2019ornementation bretonne des XVIe et XVII e si\u00e8cles, j\u2019ai constat\u00e9 qu\u2019il ferait \u00e9galement un bon livre pour apprendre \u00e0 se servir de la r\u00e8gle et du compas.<\/p>\n<p>\u00c0 d\u00e9faut de m\u2019amener \u00e0 faire l\u2019artiste le dessin industriel m\u2019aura finalement permit d\u2019approcher cet art populaire de l\u2019ornementation bretonne dont je soup\u00e7onne cependant qu\u2019\u00e0 l\u2019origine il ne devait pas \u00eatre si populaire que cela.<\/p>\n<p>\u00c0 d\u00e9faut de comprendre la symbolique originelle de ces dessins, j\u2019y trouve mati\u00e8re \u00e0 r\u00e9inventer des formes. Dans le livre sur les travaux de Charles Le Roux, la page 91 montre une m\u00e9thode de construction d\u2019un d\u00e9cor que l\u2019auteur avait appel\u00e9 toc\u2019had lagadennet (\u00e9pis ocell\u00e9s).<\/p>\n<p><a href=\"https:\/\/mloeudo7ye9b.i.optimole.com\/w:auto\/h:auto\/q:mauto\/f:best\/http:\/\/www.macgleo.com\/blog\/wp-content\/uploads\/2012\/10\/tochadlagadennet.jpg\"><img data-opt-id=2128364478  fetchpriority=\"high\" decoding=\"async\" class=\"alignleft size-medium wp-image-208\" title=\"tochadlagadennet\" src=\"https:\/\/mloeudo7ye9b.i.optimole.com\/w:96\/h:300\/q:mauto\/f:best\/http:\/\/www.macgleo.com\/blog\/wp-content\/uploads\/2012\/10\/tochadlagadennet.jpg\" alt=\"\" width=\"96\" height=\"300\" srcset=\"https:\/\/mloeudo7ye9b.i.optimole.com\/w:96\/h:1080\/q:mauto\/f:best\/https:\/\/www.macgleo.com\/blog\/wp-content\/uploads\/2012\/10\/tochadlagadennet.jpg 96w, https:\/\/mloeudo7ye9b.i.optimole.com\/w:137\/h:426\/q:mauto\/f:best\/https:\/\/www.macgleo.com\/blog\/wp-content\/uploads\/2012\/10\/tochadlagadennet.jpg 137w\" sizes=\"(max-width: 96px) 100vw, 96px\" \/><\/a><\/p>\n<p>&nbsp;<\/p>\n<p>&nbsp;<\/p>\n<p>&nbsp;<\/p>\n<p>&nbsp;<\/p>\n<p>&nbsp;<\/p>\n<p>&nbsp;<\/p>\n<p>&nbsp;<\/p>\n<p>&nbsp;<\/p>\n<p>J\u2019aime assez ce motif et \u00e0 force de le d\u00e9tourner j\u2019ai fini par l\u2019utiliser pour \u00e9crire le P du mot Peoc\u2019h (Paix).<\/p>\n<p><a href=\"https:\/\/mloeudo7ye9b.i.optimole.com\/w:auto\/h:auto\/q:mauto\/f:best\/http:\/\/www.macgleo.com\/blog\/wp-content\/uploads\/2012\/10\/Peoch.jpg\"><img data-opt-id=960791243  fetchpriority=\"high\" decoding=\"async\" class=\"alignleft size-full wp-image-209\" title=\"Peoc'h\" src=\"https:\/\/mloeudo7ye9b.i.optimole.com\/w:auto\/h:auto\/q:mauto\/f:best\/http:\/\/www.macgleo.com\/blog\/wp-content\/uploads\/2012\/10\/Peoch.jpg\" alt=\"\" width=\"299\" height=\"240\" \/><\/a><\/p>\n<p>&nbsp;<\/p>\n<p>&nbsp;<\/p>\n<p>&nbsp;<\/p>\n<p>&nbsp;<\/p>\n<p>&nbsp;<\/p>\n<p>&nbsp;<\/p>\n<p>&nbsp;<\/p>\n<p>Je n\u2019avais utilis\u00e9 le motif que pour la lettre P. Le dessin resta dans cet \u00e9tat plusieurs mois avant que je m\u2019aper\u00e7oive qu\u2019il pouvait \u00eatre d\u00e9clin\u00e9 en un alphabet entier.<\/p>\n<p><a href=\"https:\/\/mloeudo7ye9b.i.optimole.com\/w:auto\/h:auto\/q:mauto\/f:best\/http:\/\/www.macgleo.com\/blog\/wp-content\/uploads\/2012\/10\/Alphabet1.jpg\"><img data-opt-id=1180345554  fetchpriority=\"high\" decoding=\"async\" class=\"alignleft size-full wp-image-211\" title=\"RVB de base\" src=\"https:\/\/mloeudo7ye9b.i.optimole.com\/w:auto\/h:auto\/q:mauto\/f:best\/http:\/\/www.macgleo.com\/blog\/wp-content\/uploads\/2012\/10\/Alphabet1.jpg\" alt=\"\" width=\"558\" height=\"57\" srcset=\"https:\/\/mloeudo7ye9b.i.optimole.com\/w:558\/h:57\/q:mauto\/f:best\/https:\/\/www.macgleo.com\/blog\/wp-content\/uploads\/2012\/10\/Alphabet1.jpg 558w, https:\/\/mloeudo7ye9b.i.optimole.com\/w:300\/h:1080\/q:mauto\/f:best\/https:\/\/www.macgleo.com\/blog\/wp-content\/uploads\/2012\/10\/Alphabet1.jpg 300w\" sizes=\"(max-width: 558px) 100vw, 558px\" \/><\/a><\/p>\n<p>\u00c0 vrai dire le r\u00e9sultat est un peu emp\u00e2t\u00e9 et il ne permet gu\u00e8re d\u2019\u00e9crire que les titres. Il est trop gras pour un texte complet, mais nous verrons bien ce que cela donnera avec le temps, ce qui est sur c\u2019est que nos vieux motifs graphiques n\u2019ont pas fini leur carri\u00e8re, malgr\u00e9 ce que voudrait faire croire la maxime ci-dessous.<\/p>\n<p><a href=\"https:\/\/mloeudo7ye9b.i.optimole.com\/w:auto\/h:auto\/q:mauto\/f:best\/http:\/\/www.macgleo.com\/blog\/wp-content\/uploads\/2012\/10\/Peptra.jpg\"><img data-opt-id=1337033370  decoding=\"async\" class=\"alignleft size-full wp-image-214\" title=\"Peptra\" src=\"https:\/\/mloeudo7ye9b.i.optimole.com\/w:auto\/h:auto\/q:mauto\/f:best\/http:\/\/www.macgleo.com\/blog\/wp-content\/uploads\/2012\/10\/Peptra.jpg\" alt=\"\" width=\"1222\" height=\"118\" srcset=\"https:\/\/mloeudo7ye9b.i.optimole.com\/w:1222\/h:118\/q:mauto\/f:best\/https:\/\/www.macgleo.com\/blog\/wp-content\/uploads\/2012\/10\/Peptra.jpg 1222w, https:\/\/mloeudo7ye9b.i.optimole.com\/w:300\/h:1080\/q:mauto\/f:best\/https:\/\/www.macgleo.com\/blog\/wp-content\/uploads\/2012\/10\/Peptra.jpg 300w, https:\/\/mloeudo7ye9b.i.optimole.com\/w:1024\/h:1080\/q:mauto\/f:best\/https:\/\/www.macgleo.com\/blog\/wp-content\/uploads\/2012\/10\/Peptra.jpg 1024w\" sizes=\"(max-width: 1200px) 100vw, 1200px\" \/><\/a><\/p>\n<p><em>Chaque chose passe avec le temps<\/em><\/p>\n","protected":false},"excerpt":{"rendered":"<p>Faire l\u2019artiste n\u2019\u00e9tait pas dans l\u2019air du temps du Fouenant des ann\u00e9es 60. J\u2019ai donc fait le dessinateur industriel tout en continuant \u00e0 dessiner la nature qui me passait sous&hellip;&nbsp;<a href=\"https:\/\/www.macgleo.com\/blog\/2012\/10\/06\/tochad-lagadennet-epis-ocelles\/\" rel=\"bookmark\">Lire la suite &raquo;<span class=\"screen-reader-text\">Toc\u2019had Lagadennet (\u00e9pis ocell\u00e9s)<\/span><\/a><\/p>\n","protected":false},"author":1,"featured_media":0,"comment_status":"open","ping_status":"open","sticky":false,"template":"","format":"standard","meta":{"neve_meta_sidebar":"","neve_meta_container":"","neve_meta_enable_content_width":"","neve_meta_content_width":0,"neve_meta_title_alignment":"","neve_meta_author_avatar":"","neve_post_elements_order":"","neve_meta_disable_header":"","neve_meta_disable_footer":"","neve_meta_disable_title":"","footnotes":""},"categories":[6],"tags":[],"class_list":["post-207","post","type-post","status-publish","format-standard","hentry","category-dessins"],"_links":{"self":[{"href":"https:\/\/www.macgleo.com\/blog\/wp-json\/wp\/v2\/posts\/207","targetHints":{"allow":["GET"]}}],"collection":[{"href":"https:\/\/www.macgleo.com\/blog\/wp-json\/wp\/v2\/posts"}],"about":[{"href":"https:\/\/www.macgleo.com\/blog\/wp-json\/wp\/v2\/types\/post"}],"author":[{"embeddable":true,"href":"https:\/\/www.macgleo.com\/blog\/wp-json\/wp\/v2\/users\/1"}],"replies":[{"embeddable":true,"href":"https:\/\/www.macgleo.com\/blog\/wp-json\/wp\/v2\/comments?post=207"}],"version-history":[{"count":12,"href":"https:\/\/www.macgleo.com\/blog\/wp-json\/wp\/v2\/posts\/207\/revisions"}],"predecessor-version":[{"id":224,"href":"https:\/\/www.macgleo.com\/blog\/wp-json\/wp\/v2\/posts\/207\/revisions\/224"}],"wp:attachment":[{"href":"https:\/\/www.macgleo.com\/blog\/wp-json\/wp\/v2\/media?parent=207"}],"wp:term":[{"taxonomy":"category","embeddable":true,"href":"https:\/\/www.macgleo.com\/blog\/wp-json\/wp\/v2\/categories?post=207"},{"taxonomy":"post_tag","embeddable":true,"href":"https:\/\/www.macgleo.com\/blog\/wp-json\/wp\/v2\/tags?post=207"}],"curies":[{"name":"wp","href":"https:\/\/api.w.org\/{rel}","templated":true}]}}