{"id":1990,"date":"2017-11-02T22:18:57","date_gmt":"2017-11-02T21:18:57","guid":{"rendered":"http:\/\/www.macgleo.com\/blog\/?p=1990"},"modified":"2017-11-02T22:18:57","modified_gmt":"2017-11-02T21:18:57","slug":"au-retour-de-quelques-evenements-cidricoles","status":"publish","type":"post","link":"https:\/\/www.macgleo.com\/blog\/2017\/11\/02\/au-retour-de-quelques-evenements-cidricoles\/","title":{"rendered":"Au retour de quelques \u00e9v\u00e9nements cidricoles."},"content":{"rendered":"<p style=\"text-align: center;\"><a href=\"http:\/\/www.macgleo.com\/blog\/2017\/11\/02\/au-retour-de-quelques-evenements-cidricoles\/20171007_cervin\/\" rel=\"attachment wp-att-1991\"><img data-opt-id=312817328  fetchpriority=\"high\" decoding=\"async\" class=\"size-full wp-image-1991 aligncenter\" src=\"https:\/\/mloeudo7ye9b.i.optimole.com\/w:auto\/h:auto\/q:mauto\/f:best\/http:\/\/www.macgleo.com\/blog\/wp-content\/uploads\/2017\/11\/20171007_Cervin.jpg\" alt=\"\" width=\"850\" height=\"850\" srcset=\"https:\/\/mloeudo7ye9b.i.optimole.com\/w:850\/h:850\/q:mauto\/f:best\/https:\/\/www.macgleo.com\/blog\/wp-content\/uploads\/2017\/11\/20171007_Cervin.jpg 850w, https:\/\/mloeudo7ye9b.i.optimole.com\/w:150\/h:150\/q:mauto\/f:best\/https:\/\/www.macgleo.com\/blog\/wp-content\/uploads\/2017\/11\/20171007_Cervin.jpg 150w, https:\/\/mloeudo7ye9b.i.optimole.com\/w:300\/h:300\/q:mauto\/f:best\/https:\/\/www.macgleo.com\/blog\/wp-content\/uploads\/2017\/11\/20171007_Cervin.jpg 300w, https:\/\/mloeudo7ye9b.i.optimole.com\/w:768\/h:768\/q:mauto\/f:best\/https:\/\/www.macgleo.com\/blog\/wp-content\/uploads\/2017\/11\/20171007_Cervin.jpg 768w\" sizes=\"(max-width: 850px) 100vw, 850px\" \/><\/a><em>Le sommet du Cervin, photographi\u00e9 \u00e0 l&rsquo;occasion de la d\u00e9gustation du 7 octobre 2017 au Refuge Teodulo (3 317 m).<\/em><\/p>\n<p><i><strong>Il semble que les rassemblements autour de la pomme et du cidre deviennent plus nombreux au fil des ans. Pour exemple, le mois \u00e9coul\u00e9 m\u2019a offert d\u2019aller au SISGA en Asturies, \u00e0 la Sicera en Val d\u2019Aoste, de participer \u00e0 la F\u00eate d\u2019Automne au manoir de Kernault et \u00e0 la F\u00eate de la Pomme \u00e0 Fouesnant (d\u2019autres sont \u00e0 venir). Faut-il voir dans ces manifestations une preuve de l\u2019inter\u00eat croissant des consommateurs pour le cidre ou celui d&rsquo;opportunistes qui cherchent \u00e0 capter un march\u00e9 en plein renouveau ? Si les deux sont compl\u00e9mentaires, on notera ici la recherche du vrai et l\u00e0 celle du profit et l\u2019on peut donc s\u2019attendre \u00e0 autant de d\u00e9ceptions que de satisfactions.<\/strong><\/i><\/p>\n<p>Si les \u00e9v\u00e9nements cidricoles \u00a0locaux sont parfois de simples \u00e9volutions d\u2019animations plus anciennes, les rassemblement \u201cinternationaux\u201d sont relativement r\u00e9cents et attirent des acteurs du march\u00e9 cidricole dont certains ne sont pas plus anciens que ces rencontres. Le constat illustre un march\u00e9 en pleine mutation o\u00f9 chacun essaie de trouver l\u2019opportunit\u00e9 fera d\u00e9coller ses affaires. Le contraste est parfois saisissant entre les \u201cMaisons\u201d solidement \u00e9tablies et les \u201cStart-up\u201d du cidre \u00e0 la recherche d\u2019un \u201ccoup marketing\u201d. Si les premiers travaillent de la pomme fra\u00eeche <i>(pas toujours \u00e0 cidre)<\/i> et n\u2019avouent le recours aux jus concentr\u00e9s que du bout des l\u00e8vres <i>(il faut bien r\u00e9pondre \u00e0 la concurrence)<\/i>, les seconds ne s\u2019embarrassent pas et profitent de l\u2019absence d\u2019une d\u00e9finition claire du mot cidre.<\/p>\n<p><strong>En Asturies.<\/strong><\/p>\n<p style=\"text-align: center;\"><a href=\"http:\/\/www.macgleo.com\/blog\/2017\/11\/02\/au-retour-de-quelques-evenements-cidricoles\/20170929sisgacomp1\/\" rel=\"attachment wp-att-1993\"><img data-opt-id=1416678806  fetchpriority=\"high\" decoding=\"async\" class=\"size-full wp-image-1993 aligncenter\" src=\"https:\/\/mloeudo7ye9b.i.optimole.com\/w:auto\/h:auto\/q:mauto\/f:best\/http:\/\/www.macgleo.com\/blog\/wp-content\/uploads\/2017\/11\/20170929SISGAComp1.jpg\" alt=\"\" width=\"850\" height=\"478\" srcset=\"https:\/\/mloeudo7ye9b.i.optimole.com\/w:850\/h:478\/q:mauto\/f:best\/https:\/\/www.macgleo.com\/blog\/wp-content\/uploads\/2017\/11\/20170929SISGAComp1.jpg 850w, https:\/\/mloeudo7ye9b.i.optimole.com\/w:300\/h:169\/q:mauto\/f:best\/https:\/\/www.macgleo.com\/blog\/wp-content\/uploads\/2017\/11\/20170929SISGAComp1.jpg 300w, https:\/\/mloeudo7ye9b.i.optimole.com\/w:768\/h:432\/q:mauto\/f:best\/https:\/\/www.macgleo.com\/blog\/wp-content\/uploads\/2017\/11\/20170929SISGAComp1.jpg 768w\" sizes=\"(max-width: 850px) 100vw, 850px\" \/><\/a><em>Au concours de cidre du SISGA 2017<\/em><\/p>\n<p>Le concours du SISGA de Xixo\u00f1 est \u00e0 cet \u00e9gard instructif. Lors de la derni\u00e8re \u00e9dition, l\u2019\u00e9crasante majorit\u00e9 des produits en comp\u00e9tition se pr\u00e9sentaient en petits contenants, soit comme des alternatives \u00e0 la bi\u00e8re, un march\u00e9 o\u00f9 il faut avant tout \u00eatre comp\u00e9titif. Dans ces conditions les cidres de tradition, co\u00fbteux et long \u00e0 \u00e9laborer, \u00e9taient malgr\u00e9 leurs ind\u00e9niables qualit\u00e9s assez marginalis\u00e9s. On peut rencontrer beaucoup de monde \u00e0 Xixo\u00f1, de belles rencontres qui r\u00e9\u00e9quilibrent heureusement l\u2019organisation et les horaires \u00e9tonnants <i>(pour un Cornouaillais du moins)<\/i> des diverses animations. Pour autant le constat est clair. Si les \u0153nologues, sommeliers et restaurateurs sont curieux de nouvelles saveurs, le public n\u2019est pas pr\u00e8s d\u2019abandonner son \u201cSidra natural\u201d pour un cidre venu d\u2019ailleurs.<\/p>\n<p>Au moins les Asturiens consomment du cidre local et font travailler une une solide fili\u00e8re cidricole asturienne. Le SISGA appara\u00eet donc comme une volont\u00e9 des Asturiens de peser dans un monde du cidre en restructuration sous la pression des \u201cnouveaux mondes du cidre\u201d pour reprendre l\u2019expression de Claude Jolic\u0153ur.<\/p>\n<p><strong>En Val d\u2019Aoste.<\/strong><\/p>\n<p style=\"text-align: center;\"><a href=\"http:\/\/www.macgleo.com\/blog\/2017\/11\/02\/au-retour-de-quelques-evenements-cidricoles\/20171007teodulo3\/\" rel=\"attachment wp-att-1996\"><img data-opt-id=46559436  fetchpriority=\"high\" decoding=\"async\" class=\"size-full wp-image-1996 aligncenter\" src=\"https:\/\/mloeudo7ye9b.i.optimole.com\/w:auto\/h:auto\/q:mauto\/f:best\/http:\/\/www.macgleo.com\/blog\/wp-content\/uploads\/2017\/11\/20171007Teodulo3.jpg\" alt=\"\" width=\"850\" height=\"638\" srcset=\"https:\/\/mloeudo7ye9b.i.optimole.com\/w:850\/h:638\/q:mauto\/f:best\/https:\/\/www.macgleo.com\/blog\/wp-content\/uploads\/2017\/11\/20171007Teodulo3.jpg 850w, https:\/\/mloeudo7ye9b.i.optimole.com\/w:300\/h:225\/q:mauto\/f:best\/https:\/\/www.macgleo.com\/blog\/wp-content\/uploads\/2017\/11\/20171007Teodulo3.jpg 300w, https:\/\/mloeudo7ye9b.i.optimole.com\/w:768\/h:576\/q:mauto\/f:best\/https:\/\/www.macgleo.com\/blog\/wp-content\/uploads\/2017\/11\/20171007Teodulo3.jpg 768w\" sizes=\"(max-width: 850px) 100vw, 850px\" \/><\/a><em>Quelques unes des bouteilles d\u00e9gust\u00e9es au Refuge Teodulo.<\/em><\/p>\n<p>La sicera d\u2019Antey Saint Andr\u00e9 est d\u2019un tout autre genre. \u00c0 la diff\u00e9rence de nombreuses r\u00e9gions d\u2019Europe, la tradition cidricole, comme dans le reste de l\u2019Italie, n\u2019existait plus. La volont\u00e9 ici est \u00e0 la fois d\u2019affirmer l\u2019existence d\u2019un cidre local et d\u2019amener le public \u00e0 le d\u00e9couvrir \u00e0 travers une manifestation qui se veut internationale. Antey Saint Andr\u00e9 est au c\u0153ur d\u2019une vall\u00e9e connue pour ses productions de pommes \u00e0 croquer. Y organiser la Sicera est donc parfaitement l\u00e9gitime d\u2019autant qu\u2019il fut assez simple de rajouter le cidre \u00e0 une f\u00eate locale centr\u00e9e sur la pomme.<\/p>\n<p>Le cidre n\u2019est donc qu\u2019une partie d\u2019un \u00e9v\u00e9nement qui poss\u00e8de d\u2019autres ressorts. Pourtant gr\u00e2ce \u00e0 Gianluca Telloli, sa pr\u00e9sence est remarquable et son \u00e9cho couvre le brouhaha des rues du village. Rassembler dans ce lieu une douzaine de personnalit\u00e9s des cidres du monde et organiser un march\u00e9 cidricole proposant plusieurs dizaines de producteurs est d\u00e9j\u00e0 un sacr\u00e9 travail. Mais quand on vous invite \u00e0 \u00e0 participer, avec vos bouteilles, \u00e0 une d\u00e9gustation dans un refuge de montagne nich\u00e9 \u00e0 3 317 m sur les pentes du Cervin, cela prend une autre dimension. Cela t\u00e9moigne d\u2019une belle intuition marketing et surtout d\u2019un formidable attachement \u00e0 son territoire. Outre l\u2019aspect exceptionnel de la d\u00e9gustation, c\u2019est bien une affirmation forte de l\u2019existence d\u2019un \u201ccidre des montagnes\u201d qui est donn\u00e9e.<\/p>\n<p>Du stricte point de vue de l&rsquo;offre des cidres, la balance est ici \u00e9quilibr\u00e9e entre les cidres \u201cmodernes\u201d en petits contenants et les cidres de tradition. On note par ailleurs une vraie curiosit\u00e9 du public qui profite \u00e0 tous les exposants, locaux comme \u00e9trangers. Concernant l\u2019AOP Cornouaille, il a \u00e9t\u00e9 tr\u00e8s appr\u00e9ci\u00e9 confirmant ainsi la r\u00e9putation de \u201cl\u2019Amore dell\u2019 amaro\u201d des Italiens.<\/p>\n<p><strong>Au Manoir de Kernault<\/strong><\/p>\n<p><a href=\"http:\/\/www.macgleo.com\/blog\/2017\/11\/02\/au-retour-de-quelques-evenements-cidricoles\/20171015_kernault\/\" rel=\"attachment wp-att-1998\"><img data-opt-id=593197099  decoding=\"async\" class=\"wp-image-1998 alignleft\" src=\"https:\/\/mloeudo7ye9b.i.optimole.com\/w:auto\/h:auto\/q:mauto\/f:best\/http:\/\/www.macgleo.com\/blog\/wp-content\/uploads\/2017\/11\/20171015_Kernault.jpg\" alt=\"\" width=\"253\" height=\"450\" srcset=\"https:\/\/mloeudo7ye9b.i.optimole.com\/w:478\/h:850\/q:mauto\/f:best\/https:\/\/www.macgleo.com\/blog\/wp-content\/uploads\/2017\/11\/20171015_Kernault.jpg 478w, https:\/\/mloeudo7ye9b.i.optimole.com\/w:169\/h:300\/q:mauto\/f:best\/https:\/\/www.macgleo.com\/blog\/wp-content\/uploads\/2017\/11\/20171015_Kernault.jpg 169w\" sizes=\"(max-width: 253px) 100vw, 253px\" \/><\/a><\/p>\n<p>La f\u00eate d\u2019Automne est ancr\u00e9e dans le programme de Kernault depuis plusieurs ann\u00e9es et le public y vient en famille profiter d\u2019un cadre champ\u00eatre id\u00e9al pour la promenade dominicale. Le domaine qui produit son propre cidre, poss\u00e8de un verger vieillissant qui fut en son temps un des vergers d\u2019exp\u00e9rimentation du Cidref, et un nouveau verger plant\u00e9 de vari\u00e9t\u00e9s locales.<\/p>\n<p>L\u2019espace cidre de la manifestation comprend une zone de d\u00e9monstration de pressage, un stand de vente de cidres et un autre d\u2019animation et d\u2019initiation \u00e0 la d\u00e9gustation de cidre. L\u2019AOP Cornouaille y \u00e9tait repr\u00e9sent\u00e9 avec une mise en avant de la Route du Cidre de Cornouaille. Il y avait quatre cidres en d\u00e9gustation et vente dont deux hors Appellation. Le public est venu nombreux et beaucoup de visiteurs, seulement habitu\u00e9s \u00e0 un cidre local, d\u00e9couvraient la vari\u00e9t\u00e9 des saveurs et des ar\u00f4mes propos\u00e9e par les quatre exemples. Du coup les questions et les \u00e9changes furent nombreux avec la satisfaction de voir l\u2019AOP Cornouaille remporter largement les suffrages.<\/p>\n<p style=\"text-align: left;\"><strong>\u00c0 la f\u00eate de la Pomme.<\/strong><\/p>\n<p style=\"text-align: center;\"><a href=\"http:\/\/www.macgleo.com\/blog\/2017\/11\/02\/au-retour-de-quelques-evenements-cidricoles\/penfoulig\/\" rel=\"attachment wp-att-2001\"><img data-opt-id=1338652097  decoding=\"async\" class=\"size-full wp-image-2001 aligncenter\" src=\"https:\/\/mloeudo7ye9b.i.optimole.com\/w:auto\/h:auto\/q:mauto\/f:best\/http:\/\/www.macgleo.com\/blog\/wp-content\/uploads\/2017\/11\/Penfoulig.jpg\" alt=\"\" width=\"850\" height=\"478\" srcset=\"https:\/\/mloeudo7ye9b.i.optimole.com\/w:850\/h:478\/q:mauto\/f:best\/https:\/\/www.macgleo.com\/blog\/wp-content\/uploads\/2017\/11\/Penfoulig.jpg 850w, https:\/\/mloeudo7ye9b.i.optimole.com\/w:300\/h:169\/q:mauto\/f:best\/https:\/\/www.macgleo.com\/blog\/wp-content\/uploads\/2017\/11\/Penfoulig.jpg 300w, https:\/\/mloeudo7ye9b.i.optimole.com\/w:768\/h:432\/q:mauto\/f:best\/https:\/\/www.macgleo.com\/blog\/wp-content\/uploads\/2017\/11\/Penfoulig.jpg 768w\" sizes=\"(max-width: 850px) 100vw, 850px\" \/><\/a><em>La d\u00e9monstration de pressage \u00e0 l&rsquo;ancienne au centre de la f\u00eate.<\/em><\/p>\n<p>Cette manifestation fouesnantaise est bien plus r\u00e9cente que l\u2019estivale F\u00eate des Pommiers qui avec son concours de cidre f\u00eatera sa 107\u00e8me \u00e9dition en 2018, mais depuis une dizaine d\u2019ann\u00e9e elle s\u2019est fait une place de choix dans le calendrier de la commune. \u00c0 chaque fois c\u2019est un r\u00e9el plaisir de voir s\u2019ouvrir au grand public les Vergers de Penfoulig. Le travail men\u00e9 depuis quatre ans sur l\u2019identification et la mise en valeur des vari\u00e9t\u00e9s locales <i>(\u00e0 cidre principalement)<\/i>, trouvant ainsi une belle justification.<\/p>\n<p>Le cadre est magnifique. C\u2019est un \u00e9crin de verdure au fond de l\u2019Anse de Penfoulig. Certes il faut abandonner sa voiture \u00e0 quelques centaines de m\u00e8tres de la f\u00eate, mais la balade le long des \u00e9tangs vaut vraiment la peine. Sur le site, entre les deux vergers et devant la maison des marais, la grande prairie accueille les stands dans un grand cercle convivial, avec au centre les pressoirs. Un petit pour les jus de pomme et un pressoir traditionnel \u00e0 vis centrale pour les fruits \u00e0 cidre. La press\u00e9e se fait \u00e0 l\u2019ancienne avec une \u201cmotte\u201d mont\u00e9e \u00e0 la paille de seigle. Dans le cercle des stands, celui de la pasteurisation en public du jus de pomme attire \u00e9galement un bon public.<\/p>\n<p>L\u2019AOP Cornouaille y pr\u00e9sentait la Route du Cidre et participait \u00e0 la f\u00eate en commentant la press\u00e9e et r\u00e9pondant aux questions sur l\u2019\u00e9laboration traditionnelle du cidre. La d\u00e9gustation comment\u00e9e d\u2019un AOP n\u2019a surpris personne tant la saveur amertum\u00e9e fait partie de l\u2019habitude fouesnantaise, mais les questions ont \u00e9t\u00e9 nombreuses et pertinentes au point que l\u2019id\u00e9ee de voir le cidre s\u2019inviter sur les tables gourmandes fait son chemin.<\/p>\n<p><strong>De quoi cidre est le nom ?<\/strong><\/p>\n<p style=\"text-align: center;\"><a href=\"http:\/\/www.macgleo.com\/blog\/2017\/11\/02\/au-retour-de-quelques-evenements-cidricoles\/ingredients\/\" rel=\"attachment wp-att-2007\"><img data-opt-id=462598409  decoding=\"async\" class=\"size-medium wp-image-2007 aligncenter\" src=\"https:\/\/mloeudo7ye9b.i.optimole.com\/w:300\/h:225\/q:mauto\/f:best\/http:\/\/www.macgleo.com\/blog\/wp-content\/uploads\/2017\/11\/Ingredients.jpg\" alt=\"\" width=\"300\" height=\"225\" srcset=\"https:\/\/mloeudo7ye9b.i.optimole.com\/w:300\/h:225\/q:mauto\/f:best\/https:\/\/www.macgleo.com\/blog\/wp-content\/uploads\/2017\/11\/Ingredients.jpg 300w, https:\/\/mloeudo7ye9b.i.optimole.com\/w:768\/h:576\/q:mauto\/f:best\/https:\/\/www.macgleo.com\/blog\/wp-content\/uploads\/2017\/11\/Ingredients.jpg 768w, https:\/\/mloeudo7ye9b.i.optimole.com\/w:850\/h:638\/q:mauto\/f:best\/https:\/\/www.macgleo.com\/blog\/wp-content\/uploads\/2017\/11\/Ingredients.jpg 850w\" sizes=\"(max-width: 300px) 100vw, 300px\" \/><em>L<\/em><\/a><em>es ingr\u00e9dients d&rsquo;un cidre fabriqu\u00e9 \u00e0 base de jus concentr\u00e9.<\/em><\/p>\n<p>Ces manifestations ont toutes en commun le cidre. Trois d\u2019entre elles se d\u00e9roulent dans des lieux que l\u2019on peut qualifier de bucoliques. L\u2019ambiance y est d\u00e9tendue et conviviale, les exposants y \u00e9coulent tranquillement leurs produits et la dimension \u201cproduit sain et naturel\u201d du cidre y est \u00e9vidente. Pour autant le SISGA de Xixo\u00f1 est d\u2019une autre trempe et se pr\u00e9sente comme un moment fort d\u2019un monde cidricole en marche avec ce que cela suppose d\u2019enjeux \u00e9conomiques. Or, \u00e0 cot\u00e9 du \u201cSidra natural\u201d cher aux Asturiens, ce sont bien les cidres \u201cmodernes\u201d plus ou moins aromatis\u00e9s, et plus ou moins \u201cartificiels\u201dqui sont les plus pr\u00e9sents.<\/p>\n<p>Derri\u00e8re ce constat se dessine l\u2019absence d\u2019une d\u00e9finition claire de ce qu\u2019est le cidre et une sourde inqui\u00e9tude agricole. Pour faire de bons cidres, il faut de bonnes pommes \u00e0 cidre, professent tous les experts du breuvage. Or la culture de la pomme \u00e0 cidre, aux pratiques g\u00e9n\u00e9ralement qualitatives, n\u2019offre que des rendements faibles en regard de ceux de la pomme \u00e0 croquer. Fabriquer un cidre \u00e0 base de pomme \u00e0 croquer revient donc moins cher et si elles sont remplac\u00e9es par des jus concentr\u00e9s, le co\u00fbt est encore inf\u00e9rieur.<\/p>\n<p>Lors d\u2019un r\u00e9cent s\u00e9jour en Angleterre, les producteurs de pommes \u00e0 cidre se plaignaient que le nouveau propri\u00e9taire de Bulmers <i>(le premier cidrier Anglais) <\/i>diminuait ses commandes chez eux pour augmenter celles de jus concentr\u00e9s. La loi fran\u00e7aise est un frein \u00e0 ces pratiques, mais la libre circulation des marchandises dans l\u2019UE pourrait aboutir \u00e0 la rendre caduque. Le verger fran\u00e7ais de pomme \u00e0 cidre, r\u00e9put\u00e9 le plus vaste d\u2019Europe, risquerait alors de n\u2019\u00eatre qu\u2019un souvenir.\u00a0On peut argumenter que l\u2019exp\u00e9rience gustative n\u2019est pas la m\u00eame, mais pour que cet argument garde quelques valeurs il faudra plus que trois f\u00eates bucoliques et peut-\u00eatre faudrait-il que tout un chacun sache de quoi cidre est le nom.<\/p>\n<p><i>Par exemple en France, la d\u00e9finition l\u00e9gale du vin, \u00e9tablie en 1889 \u00e0 une p\u00e9riode de fraude g\u00e9n\u00e9ralis\u00e9e, r\u00e9serve cette d\u00e9nomination aux produits exclusifs de la fermentation du raisin frais ou du jus de raisin frais, et un d\u00e9cret de 1987 pr\u00e9cise que les boissons aromatis\u00e9es \u00e0 base de raisin ne doivent pas comporter le mot vin dans leur d\u00e9nomination.<\/i><\/p>\n","protected":false},"excerpt":{"rendered":"<p>Le sommet du Cervin, photographi\u00e9 \u00e0 l&rsquo;occasion de la d\u00e9gustation du 7 octobre 2017 au Refuge Teodulo (3 317 m). Il semble que les rassemblements autour de la pomme et&hellip;&nbsp;<a href=\"https:\/\/www.macgleo.com\/blog\/2017\/11\/02\/au-retour-de-quelques-evenements-cidricoles\/\" rel=\"bookmark\">Lire la suite &raquo;<span class=\"screen-reader-text\">Au retour de quelques \u00e9v\u00e9nements cidricoles.<\/span><\/a><\/p>\n","protected":false},"author":1,"featured_media":0,"comment_status":"open","ping_status":"open","sticky":false,"template":"","format":"standard","meta":{"neve_meta_sidebar":"","neve_meta_container":"","neve_meta_enable_content_width":"","neve_meta_content_width":0,"neve_meta_title_alignment":"","neve_meta_author_avatar":"","neve_post_elements_order":"","neve_meta_disable_header":"","neve_meta_disable_footer":"","neve_meta_disable_title":"","footnotes":""},"categories":[4],"tags":[],"class_list":["post-1990","post","type-post","status-publish","format-standard","hentry","category-cidre"],"_links":{"self":[{"href":"https:\/\/www.macgleo.com\/blog\/wp-json\/wp\/v2\/posts\/1990","targetHints":{"allow":["GET"]}}],"collection":[{"href":"https:\/\/www.macgleo.com\/blog\/wp-json\/wp\/v2\/posts"}],"about":[{"href":"https:\/\/www.macgleo.com\/blog\/wp-json\/wp\/v2\/types\/post"}],"author":[{"embeddable":true,"href":"https:\/\/www.macgleo.com\/blog\/wp-json\/wp\/v2\/users\/1"}],"replies":[{"embeddable":true,"href":"https:\/\/www.macgleo.com\/blog\/wp-json\/wp\/v2\/comments?post=1990"}],"version-history":[{"count":19,"href":"https:\/\/www.macgleo.com\/blog\/wp-json\/wp\/v2\/posts\/1990\/revisions"}],"predecessor-version":[{"id":2015,"href":"https:\/\/www.macgleo.com\/blog\/wp-json\/wp\/v2\/posts\/1990\/revisions\/2015"}],"wp:attachment":[{"href":"https:\/\/www.macgleo.com\/blog\/wp-json\/wp\/v2\/media?parent=1990"}],"wp:term":[{"taxonomy":"category","embeddable":true,"href":"https:\/\/www.macgleo.com\/blog\/wp-json\/wp\/v2\/categories?post=1990"},{"taxonomy":"post_tag","embeddable":true,"href":"https:\/\/www.macgleo.com\/blog\/wp-json\/wp\/v2\/tags?post=1990"}],"curies":[{"name":"wp","href":"https:\/\/api.w.org\/{rel}","templated":true}]}}