{"id":1770,"date":"2017-06-05T16:23:03","date_gmt":"2017-06-05T14:23:03","guid":{"rendered":"http:\/\/www.macgleo.com\/blog\/?p=1770"},"modified":"2017-06-05T16:51:38","modified_gmt":"2017-06-05T14:51:38","slug":"cidre-de-fer-pommes-a-cidres","status":"publish","type":"post","link":"https:\/\/www.macgleo.com\/blog\/2017\/06\/05\/cidre-de-fer-pommes-a-cidres\/","title":{"rendered":"Cidre de fer &#038; pommes \u00e0 cidres."},"content":{"rendered":"<p><strong><em>Lors de notre derni\u00e8re session des \u201cD\u00e9gustations du Sistrot\u201d, nous avions d\u00e9couvert un Cidre de fer cr\u00e9e par Jacques Perritaz \u00e0 la Cidrerie Vulcain \u00e0 Le Mouret en Suisse (voir \u00e0 ce sujet, le post du 30 mai dernier). Jacques Perritaz utilise de la Pomme de fer, une pomme r\u00e9put\u00e9e \u00e0 croquer, mais qui pass\u00e9e entre\u00a0ses mains expertes, donne des r\u00e9sultats cidricole probants<sup>1<\/sup>.<\/em><\/strong><\/p>\n<p><a href=\"http:\/\/www.macgleo.com\/blog\/2017\/06\/05\/cidre-de-fer-pommes-a-cidres\/20170523_vulcaindefer\/\" rel=\"attachment wp-att-1771\"><img data-opt-id=161691639  fetchpriority=\"high\" decoding=\"async\" class=\"wp-image-1771 size-full aligncenter\" src=\"https:\/\/mloeudo7ye9b.i.optimole.com\/w:auto\/h:auto\/q:mauto\/f:best\/http:\/\/www.macgleo.com\/blog\/wp-content\/uploads\/2017\/06\/20170523_VulcaindeFer.jpg\" alt=\"\" width=\"450\" height=\"800\" srcset=\"https:\/\/mloeudo7ye9b.i.optimole.com\/w:450\/h:800\/q:mauto\/f:best\/https:\/\/www.macgleo.com\/blog\/wp-content\/uploads\/2017\/06\/20170523_VulcaindeFer.jpg 450w, https:\/\/mloeudo7ye9b.i.optimole.com\/w:169\/h:300\/q:mauto\/f:best\/https:\/\/www.macgleo.com\/blog\/wp-content\/uploads\/2017\/06\/20170523_VulcaindeFer.jpg 169w\" sizes=\"(max-width: 450px) 100vw, 450px\" \/><\/a><\/p>\n<p>C\u2019est un bel exemple de\u00a0cr\u00e9ation d&rsquo;un cidre original \u00e0 partir d&rsquo;une\u00a0vari\u00e9t\u00e9 de fruit ancienne. La premi\u00e8re mention de pomme de fer que j\u2019ai pu retrouv\u00e9e remonte au\u00a0<em>Dictionnaire de Pommologie<\/em> (1873)\u00a0de A. Leroy. Ce n&rsquo;est \u00e9videmment pas le seul cidre issu d&rsquo;un telle exp\u00e9rimentation et \u00e0 vrai dire, tous\u00a0les\u00a0cidres ont connu cela\u00a0\u00e0\u00a0un moment donn\u00e9. Le ph\u00e9nom\u00e8ne semble s&rsquo;amplifier actuellement avec le retour en gr\u00e2ce\u00a0<em>(revival diraient nos amis Anglo-saxons)<\/em> de la boisson de pomme. Qu&rsquo;il s&rsquo;agissent de terroirs traditionnels ou des nouveaux territoires du cidre, les cidriers<em> (souvent jeunes)<\/em> exp\u00e9rimentent. Cela tient \u00e0 la n\u00e9cessit\u00e9 pour chacun d&rsquo;eux d&rsquo;avoir une offre diff\u00e9renci\u00e9e, mais aussi \u00e0 leurs envies de\u00a0renouveler le cidre.<\/p>\n<p>Si le ph\u00e9nom\u00e8ne semble important, cela n&rsquo;est pas nouveau. En nos contr\u00e9es bretonnes, l\u2019exp\u00e9rimentation r\u00e9cente la plus connue reste celle de la pomme <em>Guillevic<\/em> dont le regrett\u00e9 Jean Ferrand avait en son temps s\u00e9lectionn\u00e9 un excellent clone et qui a trouv\u00e9 un son prolongement avec la mise au point du <em>Royal Guillevic<\/em>, largement copi\u00e9 depuis, mais fort heureusement prot\u00e9g\u00e9 sur sa zone <em>(l\u2019ouest du Morbihan)<\/em> par son Label Rouge.<\/p>\n<p>Ces exp\u00e9riences sont loin d\u2019\u00eatre isol\u00e9e et quasiment chaque zone de production voit r\u00e9guli\u00e8rement appara\u00eetre des cidres originaux bas\u00e9s sur la saveur particuli\u00e8re de telle ou telle pomme. En Val d\u2019Aoste, la Cidrerie Maley tire la quintessence de la <em>Raventze<\/em> avec ses cidres <em>Matterhorn<\/em> et <em>Jorasses<\/em>. Au Quebec, la Maison Michel Jodoin s\u2019est fait conna\u00eetre avec un\u00a0cidre ros\u00e9 \u00e9labor\u00e9 avec la <em>Geneva<\/em>, une pomme \u00e0 chair rouge <em>\u00a0(d&rsquo;autres en font autant avec Redmoon ou la pommette Dolgo)<\/em>. \u00c0 la Foret-Fouesnant (29), la Cidrerie Sehedic assemble la <em>Guillevic<\/em> avec <em>l\u2019Avrolle<\/em> du Pays d\u2019Othe pour \u00e9laborer son excellent <em>Blanc-d\u2019Armorique<\/em>. \u00c0 Sulniac (56), la Distillerie du Gorvello exp\u00e9rimente avec succ\u00e8s la pomme <em>Coco d\u2019Isse<\/em>.<\/p>\n<p>Ce ne sont que quelques exemples, la liste serait trop longue dans l\u2019effervescence actuelle autour du cidre. Pour autant si l\u2019on observe les cidres de tradition, on d\u00e9couvre par exemple \u00e0\u00a0Beg-meil (29), que les paysans savent depuis longtemps assembler\u00a0la <em>C\u2019hwerv-ruz-mod-kozh<\/em> avec la <em>Troajenn-hir<\/em>\u00a0pour \u00e9laborer\u00a0un fameux cidre consid\u00e9r\u00e9 comme une r\u00e9f\u00e9rence en Pays de\u00a0Fouesnant <em>(malheureusement ces vari\u00e9t\u00e9s anciennes\u00a0alternent parfois fortement et il n&rsquo;y en a pas tous les ans)<\/em>. \u00c0 Broons (22) l\u2019assemblage de la <i>Chevalier-doux<\/i> et de la <i>Bedan-gros<\/i> donne \u00e9galement de beaux produits.<\/p>\n<p>Les producteurs des cidres d\u2019appellation <em>(Cornouaille, Pays d\u2019auge, Cotentin)<\/em>, n\u2019ont \u00e9videmment pas cette libert\u00e9. La liste des vari\u00e9t\u00e9s agr\u00e9\u00e9es pour une Appellation est bien entendu rigoureuse, car il faut bien pouvoir tout contr\u00f4ler si l&rsquo;on veut apporter une garantie au consommateur. Pour autant ces cidres\u00a0sont les r\u00e9f\u00e9rences de la qualit\u00e9 d\u00e9sormais port\u00e9e par le cidre et la preuve de l\u2019extr\u00eame importance de la qualit\u00e9 des fruits dans son \u00e9laboration.<\/p>\n<p style=\"text-align: center;\"><strong>Pomme de fer <\/strong><em>(Aval-houarn en Cornouaille)<\/em><\/p>\n<p style=\"text-align: center;\"><a href=\"http:\/\/www.macgleo.com\/blog\/2017\/06\/05\/cidre-de-fer-pommes-a-cidres\/41_20161019aval-houarn\/\" rel=\"attachment wp-att-1772\"><img data-opt-id=1922024852  fetchpriority=\"high\" decoding=\"async\" class=\"size-medium wp-image-1772 aligncenter\" src=\"https:\/\/mloeudo7ye9b.i.optimole.com\/w:300\/h:300\/q:mauto\/f:best\/http:\/\/www.macgleo.com\/blog\/wp-content\/uploads\/2017\/06\/41_20161019Aval-houarn.jpg\" alt=\"\" width=\"300\" height=\"300\" srcset=\"https:\/\/mloeudo7ye9b.i.optimole.com\/w:300\/h:300\/q:mauto\/f:best\/https:\/\/www.macgleo.com\/blog\/wp-content\/uploads\/2017\/06\/41_20161019Aval-houarn.jpg 300w, https:\/\/mloeudo7ye9b.i.optimole.com\/w:150\/h:150\/q:mauto\/f:best\/https:\/\/www.macgleo.com\/blog\/wp-content\/uploads\/2017\/06\/41_20161019Aval-houarn.jpg 150w, https:\/\/mloeudo7ye9b.i.optimole.com\/w:450\/h:450\/q:mauto\/f:best\/https:\/\/www.macgleo.com\/blog\/wp-content\/uploads\/2017\/06\/41_20161019Aval-houarn.jpg 450w\" sizes=\"(max-width: 300px) 100vw, 300px\" \/><\/a>On trouve des pommes de fer un peu partout.<\/p>\n<p>\u201cSon nom viendrait de la r\u00e9sistance de ses fleurs aux difficult\u00e9s climatiques du printemps, du fruit qui est tr\u00e8s ferme et se conserve longtemps <em>(parfois ao\u00fbt de l&rsquo;ann\u00e9e suivante)<\/em>, que l&rsquo;arbre garde longtemps ses feuilles vertes \u00e0 l&rsquo;automne\u2026\u201d &#8211;\u00a0<a href=\"http:\/\/www.forum-tomates.net\/viewtopic.php?t=6089\"><em>http:\/\/www.forum-tomates.net\/viewtopic.php?t=6089<\/em><\/a><\/p>\n<p>L\u2019association Les mordus de la Pomme\u00a0en a recens\u00e9 une quinzaine en Bretagne. &#8211;\u00a0<a href=\"http:\/\/www.mordusdelapomme.fr\/spip.php?article267\"><i>http:\/\/www.mordusdelapomme.fr\/spip.php?article267<\/i><\/a><\/p>\n<p>La Pomme de fer est parfois r\u00e9put\u00e9e \u00eatre originaire du Cher. &#8211;\u00a0<i><a href=\"http:\/\/www.pomologie.com\/oc\/vergerfcs\/tom2\/images\/fullsize\/VF20258.JPG.JPG\">http:\/\/www.pomologie.com\/oc\/vergerfcs\/tom2\/images\/fullsize\/VF20258.JPG.JPG<\/a>\u00a0&#8211; &amp; &#8211;\u00a0<\/i><i>The New Book of Apples<\/i>, J. Morgan &amp; A. Richards, 2002, (p. 253).<\/p>\n<p>Il existe une Pomme de fer du Quebec. &#8211;\u00a0<i>The apples of New York (T. 1)<\/i>, S. A. Beach, 1905, (p. 292-293).<\/p>\n<p>Il en existe une autre au Vermont (USA)<span style=\"font-size: small;\"><span style=\"line-height: 20px;\">. &#8211;\u00a0<\/span><\/span><a href=\"https:\/\/unitedstatesofcider.com\/tag\/pomme-de-fer\/\"><i>https:\/\/unitedstatesofcider.com\/tag\/pomme-de-fer\/<\/i><\/a><\/p>\n<p>Cependant A. Leroy la pense originaire de Suisse<i>. &#8211;\u00a0<\/i><i>D<\/i><i>ictionnaire de Pommologie (T. 3)<\/i>, A. Leroy, 1873, (p. 299-300)<\/p>\n<p style=\"text-align: center;\"><strong>Guillevic<\/strong><\/p>\n<p><a href=\"http:\/\/www.macgleo.com\/blog\/2017\/06\/05\/cidre-de-fer-pommes-a-cidres\/20151008_guillevicarfaou\/\" rel=\"attachment wp-att-1775\"><img data-opt-id=1967759353  fetchpriority=\"high\" decoding=\"async\" class=\"size-medium wp-image-1775 aligncenter\" src=\"https:\/\/mloeudo7ye9b.i.optimole.com\/w:300\/h:300\/q:mauto\/f:best\/http:\/\/www.macgleo.com\/blog\/wp-content\/uploads\/2017\/06\/20151008_GuillevicArFaou.jpg\" alt=\"\" width=\"300\" height=\"300\" srcset=\"https:\/\/mloeudo7ye9b.i.optimole.com\/w:300\/h:300\/q:mauto\/f:best\/https:\/\/www.macgleo.com\/blog\/wp-content\/uploads\/2017\/06\/20151008_GuillevicArFaou.jpg 300w, https:\/\/mloeudo7ye9b.i.optimole.com\/w:150\/h:150\/q:mauto\/f:best\/https:\/\/www.macgleo.com\/blog\/wp-content\/uploads\/2017\/06\/20151008_GuillevicArFaou.jpg 150w, https:\/\/mloeudo7ye9b.i.optimole.com\/w:450\/h:450\/q:mauto\/f:best\/https:\/\/www.macgleo.com\/blog\/wp-content\/uploads\/2017\/06\/20151008_GuillevicArFaou.jpg 450w\" sizes=\"(max-width: 300px) 100vw, 300px\" \/><\/a>La Guillevic est la vari\u00e9t\u00e9 embl\u00e9matique de la r\u00e9gion de Baud et de l\u2019ouest du Morbihan. Elle s\u2019est aujourd\u2019hui impos\u00e9e comme la pomme acidul\u00e9e par excellence du verger cornouaillais. En breton, <i>Gilvig d\u00e9signe le Guillemot et parfois le Macareux<\/i>. Elle doit probablement son nom \u00e0 son inventeur, le patronyme Guillevic, dans sa forme francis\u00e9e, est en effet assez r\u00e9pandu en Morbihan<sup>2<\/sup>. &#8211;\u00a0<a href=\"http:\/\/dinan.dinancommunaute.fr\/conservatoire\/pommes\/guillevic\">http:\/\/dinan.dinancommunaute.fr\/conservatoire\/pommes\/guillevic<\/a><\/p>\n<p>Claude Jolic\u0153ur \u00e9crit \u00e0 son propos : \u201cC\u2019est une des rares pommes<em>\u00a0(avec la Kingston-black anglaise)<\/em> consid\u00e9r\u00e9e comme parfaite, c\u2019est \u00e0 dire qu\u2019elle peut donner un cidre bien \u00e9quilibr\u00e9 sans avoir \u00e0 \u00eatre m\u00e9lang\u00e9e\u2026\u201d<sup>3<\/sup>.<\/p>\n<p>A noter cependant qu\u2019il en existe plusieurs clones aux caract\u00e9ristiques voisines, mais qui ne conviennent pas toutes \u00e0 l\u2019\u00e9laboration d\u2019un bon cidre monovari\u00e9tal.<\/p>\n<p><i>1 &#8211; Ce n\u2019est pas, et loin sans faut, la seule pomme de table utilis\u00e9e pour l\u2019\u00e9laboration de cidre. Dans l&rsquo;industrie cidricole,\u00a0l&rsquo;utilisation de ces\u00a0pommes\u00a0(parfois sous forme de\u00a0concentr\u00e9s)\u00a0donne des\u00a0cidres\u00a0moyennement acidul\u00e9s. Destin\u00e9s \u00e0 la grande consommation, Ils sont g\u00e9n\u00e9ralement\u00a0\u00a0aromatis\u00e9s en fonction des\u00a0go\u00fbts du grand-public\u00a0.<\/i><\/p>\n<p><i>2 &#8211; On citera en exemple le po\u00e8te Guillvic, natif de Carnac (56) dont l\u2019\u0153uvre couvre toute la deuxi\u00e8me moiti\u00e9 du XX\u00e8me si\u00e8cle.<\/i><\/p>\n<p><i>3 &#8211; Du pommier au Cidre, C. Jolic\u0153ur, (p. 84), Ed du Rouergue\u00a0(2016).<\/i><\/p>\n","protected":false},"excerpt":{"rendered":"<p>Lors de notre derni\u00e8re session des \u201cD\u00e9gustations du Sistrot\u201d, nous avions d\u00e9couvert un Cidre de fer cr\u00e9e par Jacques Perritaz \u00e0 la Cidrerie Vulcain \u00e0 Le Mouret en Suisse (voir&hellip;&nbsp;<a href=\"https:\/\/www.macgleo.com\/blog\/2017\/06\/05\/cidre-de-fer-pommes-a-cidres\/\" rel=\"bookmark\">Lire la suite &raquo;<span class=\"screen-reader-text\">Cidre de fer &#038; pommes \u00e0 cidres.<\/span><\/a><\/p>\n","protected":false},"author":1,"featured_media":0,"comment_status":"open","ping_status":"open","sticky":false,"template":"","format":"standard","meta":{"neve_meta_sidebar":"","neve_meta_container":"","neve_meta_enable_content_width":"","neve_meta_content_width":0,"neve_meta_title_alignment":"","neve_meta_author_avatar":"","neve_post_elements_order":"","neve_meta_disable_header":"","neve_meta_disable_footer":"","neve_meta_disable_title":"","footnotes":""},"categories":[9],"tags":[],"class_list":["post-1770","post","type-post","status-publish","format-standard","hentry","category-pommes"],"_links":{"self":[{"href":"https:\/\/www.macgleo.com\/blog\/wp-json\/wp\/v2\/posts\/1770","targetHints":{"allow":["GET"]}}],"collection":[{"href":"https:\/\/www.macgleo.com\/blog\/wp-json\/wp\/v2\/posts"}],"about":[{"href":"https:\/\/www.macgleo.com\/blog\/wp-json\/wp\/v2\/types\/post"}],"author":[{"embeddable":true,"href":"https:\/\/www.macgleo.com\/blog\/wp-json\/wp\/v2\/users\/1"}],"replies":[{"embeddable":true,"href":"https:\/\/www.macgleo.com\/blog\/wp-json\/wp\/v2\/comments?post=1770"}],"version-history":[{"count":18,"href":"https:\/\/www.macgleo.com\/blog\/wp-json\/wp\/v2\/posts\/1770\/revisions"}],"predecessor-version":[{"id":1794,"href":"https:\/\/www.macgleo.com\/blog\/wp-json\/wp\/v2\/posts\/1770\/revisions\/1794"}],"wp:attachment":[{"href":"https:\/\/www.macgleo.com\/blog\/wp-json\/wp\/v2\/media?parent=1770"}],"wp:term":[{"taxonomy":"category","embeddable":true,"href":"https:\/\/www.macgleo.com\/blog\/wp-json\/wp\/v2\/categories?post=1770"},{"taxonomy":"post_tag","embeddable":true,"href":"https:\/\/www.macgleo.com\/blog\/wp-json\/wp\/v2\/tags?post=1770"}],"curies":[{"name":"wp","href":"https:\/\/api.w.org\/{rel}","templated":true}]}}