{"id":1622,"date":"2017-04-09T19:23:09","date_gmt":"2017-04-09T17:23:09","guid":{"rendered":"http:\/\/www.macgleo.com\/blog\/?p=1622"},"modified":"2017-04-09T19:25:49","modified_gmt":"2017-04-09T17:25:49","slug":"la-degustation-du-sistrot-davril-2017","status":"publish","type":"post","link":"https:\/\/www.macgleo.com\/blog\/2017\/04\/09\/la-degustation-du-sistrot-davril-2017\/","title":{"rendered":"La d\u00e9gustation du Sistrot d&rsquo;avril 2017"},"content":{"rendered":"<p><a href=\"http:\/\/www.macgleo.com\/blog\/2017\/04\/09\/la-degustation-du-sistrot-davril-2017\/20170404sistrot2\/\" rel=\"attachment wp-att-1623\"><img data-opt-id=1939914119  fetchpriority=\"high\" decoding=\"async\" class=\"size-full wp-image-1623 aligncenter\" src=\"https:\/\/mloeudo7ye9b.i.optimole.com\/w:auto\/h:auto\/q:mauto\/f:best\/http:\/\/www.macgleo.com\/blog\/wp-content\/uploads\/2017\/04\/20170404Sistrot2.jpg\" alt=\"\" width=\"850\" height=\"478\" srcset=\"https:\/\/mloeudo7ye9b.i.optimole.com\/w:850\/h:478\/q:mauto\/f:best\/https:\/\/www.macgleo.com\/blog\/wp-content\/uploads\/2017\/04\/20170404Sistrot2.jpg 850w, https:\/\/mloeudo7ye9b.i.optimole.com\/w:300\/h:169\/q:mauto\/f:best\/https:\/\/www.macgleo.com\/blog\/wp-content\/uploads\/2017\/04\/20170404Sistrot2.jpg 300w, https:\/\/mloeudo7ye9b.i.optimole.com\/w:768\/h:432\/q:mauto\/f:best\/https:\/\/www.macgleo.com\/blog\/wp-content\/uploads\/2017\/04\/20170404Sistrot2.jpg 768w\" sizes=\"(max-width: 850px) 100vw, 850px\" \/><\/a><\/p>\n<p><strong><em>Une table bien fr\u00e9quent\u00e9e en ce premier mardi d\u2019avril. Outre Ronan Gire du Sistrot qui s\u2019\u00e9tait rendu disponible, la d\u00e9gustation a rassembl\u00e9 Brieug Saliou de la Cidrerie des Vergers de Kermao, Jen Scouarnec de la Cidrerie Rozavern, Annie et Claude Goenvec de la Cidrerie Menez Brug et moi-m\u00eame \u00e9videmment.<\/em><\/strong><\/p>\n<p><a href=\"http:\/\/www.macgleo.com\/blog\/2017\/04\/09\/la-degustation-du-sistrot-davril-2017\/20170404sistrot1\/\" rel=\"attachment wp-att-1624\"><img data-opt-id=1259511115  fetchpriority=\"high\" decoding=\"async\" class=\"wp-image-1624 size-medium alignleft\" src=\"https:\/\/mloeudo7ye9b.i.optimole.com\/w:169\/h:300\/q:mauto\/f:best\/http:\/\/www.macgleo.com\/blog\/wp-content\/uploads\/2017\/04\/20170404Sistrot1.jpg\" alt=\"\" width=\"169\" height=\"300\" srcset=\"https:\/\/mloeudo7ye9b.i.optimole.com\/w:169\/h:300\/q:mauto\/f:best\/https:\/\/www.macgleo.com\/blog\/wp-content\/uploads\/2017\/04\/20170404Sistrot1.jpg 169w, https:\/\/mloeudo7ye9b.i.optimole.com\/w:450\/h:800\/q:mauto\/f:best\/https:\/\/www.macgleo.com\/blog\/wp-content\/uploads\/2017\/04\/20170404Sistrot1.jpg 450w\" sizes=\"(max-width: 169px) 100vw, 169px\" \/><\/a>Nous avons commenc\u00e9 par des cidres AOP Pays d\u2019Auge et en premier lieu une <strong>Cuv\u00e9e R\u00e9serve du manoir du Grandouet<\/strong>. Pour un cidre de la r\u00e9colte 2014 (c\u2019\u00e9tait bien le cas) nous n\u2019avons pas \u00e9t\u00e9 d\u00e9\u00e7u. Le cidre est limpide avec une belle couleur et un effet de mousse optimal. Le nez est \u00e9volu\u00e9 (normal), mais toujours doux avec du miel et du fruit d\u2019\u00e9t\u00e9. La bouche est agr\u00e9able, sucr\u00e9e acidul\u00e9e avec de la douceur. Au final un bon cidre de d\u00e9gustation que l\u2019on verrait bien sur un camembert.<\/p>\n<p>&nbsp;<\/p>\n<p>Apport\u00e9 par Ronan Gire, l\u2019<strong>AOP Pays d\u2019Auge du Domaine de la Galoti\u00e8re<\/strong> est de la m\u00eame veine avec une mousse mesur\u00e9e sur une belle robe. Le nez, peu puissant, est tr\u00e8s clair avec l\u00e0 encore de la douceur. En bouche l\u2019\u00e9quilibre sucr\u00e9 acidul\u00e9 prend du relief avec une p\u00e9tillante en bouche bien pr\u00e9sente. La fin de bouche est sucr\u00e9e avec une jolie persistance acidul\u00e9e. Un bon cidre de d\u00e9gustation.<\/p>\n<p>Du <strong>Domaine de la Galoti\u00e8re<\/strong> encore, l\u2019<strong>AOP Pays d\u2019Auge cuv\u00e9e Prestige<\/strong>. Nous avons appr\u00e9ci\u00e9 la jolie sonorit\u00e9 au d\u00e9bouchage, gai et enjou\u00e9e. S\u2019il est l\u00e9g\u00e8rement voil\u00e9 dans le verre, l\u2019effet de mousse est tr\u00e8s sympathique. Le nez est un peu distant, l\u00e9g\u00e8rement fermentaire avec du fruit d\u2019\u00e9t\u00e9, on pressent un cidre un assez\u00a0sec. De fait l\u2019\u00e9quilibre sucr\u00e9 acidul\u00e9 est plus frais avec une l\u00e9g\u00e8re astringence en fin de bouche. C\u2019est un bon cidre pour accompagner le repas.<\/p>\n<p><a href=\"http:\/\/www.macgleo.com\/blog\/2017\/04\/09\/la-degustation-du-sistrot-davril-2017\/20170404sistrot3\/\" rel=\"attachment wp-att-1627\"><img data-opt-id=27101015  fetchpriority=\"high\" decoding=\"async\" class=\"size-medium wp-image-1627 alignnone\" src=\"https:\/\/mloeudo7ye9b.i.optimole.com\/w:169\/h:300\/q:mauto\/f:best\/http:\/\/www.macgleo.com\/blog\/wp-content\/uploads\/2017\/04\/20170404Sistrot3.jpg\" alt=\"\" width=\"169\" height=\"300\" srcset=\"https:\/\/mloeudo7ye9b.i.optimole.com\/w:169\/h:300\/q:mauto\/f:best\/https:\/\/www.macgleo.com\/blog\/wp-content\/uploads\/2017\/04\/20170404Sistrot3.jpg 169w, https:\/\/mloeudo7ye9b.i.optimole.com\/w:450\/h:800\/q:mauto\/f:best\/https:\/\/www.macgleo.com\/blog\/wp-content\/uploads\/2017\/04\/20170404Sistrot3.jpg 450w\" sizes=\"(max-width: 169px) 100vw, 169px\" \/><\/a><a href=\"http:\/\/www.macgleo.com\/blog\/2017\/04\/09\/la-degustation-du-sistrot-davril-2017\/20170404sistrot4\/\" rel=\"attachment wp-att-1633\"><img data-opt-id=1651127899  decoding=\"async\" class=\"size-medium wp-image-1633 alignnone\" src=\"https:\/\/mloeudo7ye9b.i.optimole.com\/w:225\/h:300\/q:mauto\/f:best\/http:\/\/www.macgleo.com\/blog\/wp-content\/uploads\/2017\/04\/20170404Sistrot4.jpg\" alt=\"\" width=\"225\" height=\"300\" srcset=\"https:\/\/mloeudo7ye9b.i.optimole.com\/w:225\/h:300\/q:mauto\/f:best\/https:\/\/www.macgleo.com\/blog\/wp-content\/uploads\/2017\/04\/20170404Sistrot4.jpg 225w, https:\/\/mloeudo7ye9b.i.optimole.com\/w:450\/h:600\/q:mauto\/f:best\/https:\/\/www.macgleo.com\/blog\/wp-content\/uploads\/2017\/04\/20170404Sistrot4.jpg 450w\" sizes=\"(max-width: 225px) 100vw, 225px\" \/><\/a><\/p>\n<p>Du <strong>Domaine de la Galoti\u00e8re<\/strong> toujours, un <strong>Poir\u00e9 Cuv\u00e9e Prestige<\/strong>\u00a0\u00e0 robe tr\u00e8s p\u00e2le et aux fines bulles. Le nez est moyennement puissant avec des notes de poires un peu s\u00e8ches. La bouche est \u00e9galement s\u00e8che et acidul\u00e9e avec de la p\u00e9tillance en bouche et une touche d\u2019amertume. La fin de bouche est sucr\u00e9e avec une petite astringence. Une boisson pour le repas \u00e0 notre avis.<\/p>\n<p><a href=\"http:\/\/www.macgleo.com\/blog\/2017\/04\/09\/la-degustation-du-sistrot-davril-2017\/20170404sistrot5\/\" rel=\"attachment wp-att-1641\"><img data-opt-id=1915063863  decoding=\"async\" class=\"alignleft size-medium wp-image-1641\" src=\"https:\/\/mloeudo7ye9b.i.optimole.com\/w:169\/h:300\/q:mauto\/f:best\/http:\/\/www.macgleo.com\/blog\/wp-content\/uploads\/2017\/04\/20170404Sistrot5.jpg\" alt=\"\" width=\"169\" height=\"300\" srcset=\"https:\/\/mloeudo7ye9b.i.optimole.com\/w:169\/h:300\/q:mauto\/f:best\/https:\/\/www.macgleo.com\/blog\/wp-content\/uploads\/2017\/04\/20170404Sistrot5.jpg 169w, https:\/\/mloeudo7ye9b.i.optimole.com\/w:450\/h:800\/q:mauto\/f:best\/https:\/\/www.macgleo.com\/blog\/wp-content\/uploads\/2017\/04\/20170404Sistrot5.jpg 450w\" sizes=\"(max-width: 169px) 100vw, 169px\" \/><\/a>Loin des sophistications du Pays d\u2019Auge, un cidre de la <strong>Ferme de la Bonnerie<\/strong> en Seine et Marne. Il est clair et brillant, peu effervescent. Le nez est un peu v\u00e9g\u00e9tal avec de la pomme cuite qui fait penser \u00e0 un jus de pomme. La bouche est un peu plate avec seulement quelques notes d\u2019acidit\u00e9. La finale est assez br\u00e8ve. Nous ne l\u2019avons pas trouv\u00e9 d\u2019un grand int\u00e9r\u00eat gustatif, mais Claude Goenvec nous a fait remarquer que cela pourrait refl\u00e9ter les sols limoneux de ces r\u00e9gions<\/p>\n<p>&nbsp;<\/p>\n<p>Un cidre du\u00a0<strong>Val d\u2019Aoste Italien<\/strong>, Le\u00a0<strong>Saint Bernard de la maison Maley<\/strong>\u00a0produit par Gianluca Telloli. A noter la tr\u00e8s belle pr\u00e9sentation de la bouteille et la jolie sonorit\u00e9\u00a0\u00e0 l\u2019ouverture. Il est tr\u00e8s bien pr\u00e9sent\u00e9 avec une belle\u00a0couleur et une mousse mesur\u00e9e. Le nez est agr\u00e9able avec de la pomme et de la poire, il nous a sembl\u00e9 l\u00e9g\u00e8rement compot\u00e9. En bouche il n\u2019est que douceur avec un \u00e9quilibre sucr\u00e9 acidul\u00e9 bien maitris\u00e9 et une belle finale fruit\u00e9e. Un beau cidre de d\u00e9gustation.<a href=\"http:\/\/www.macgleo.com\/blog\/2017\/04\/09\/la-degustation-du-sistrot-davril-2017\/20170404sistrot6\/\" rel=\"attachment wp-att-1642\"><br \/>\n<\/a><a href=\"http:\/\/www.macgleo.com\/blog\/2017\/04\/09\/la-degustation-du-sistrot-davril-2017\/20170404sistrot6-2\/\" rel=\"attachment wp-att-1647\"><img data-opt-id=1270313971  decoding=\"async\" class=\"size-medium wp-image-1647 alignnone\" src=\"https:\/\/mloeudo7ye9b.i.optimole.com\/w:169\/h:300\/q:mauto\/f:best\/http:\/\/www.macgleo.com\/blog\/wp-content\/uploads\/2017\/04\/20170404Sistrot6-1.jpg\" alt=\"\" width=\"169\" height=\"300\" srcset=\"https:\/\/mloeudo7ye9b.i.optimole.com\/w:169\/h:300\/q:mauto\/f:best\/https:\/\/www.macgleo.com\/blog\/wp-content\/uploads\/2017\/04\/20170404Sistrot6-1.jpg 169w, https:\/\/mloeudo7ye9b.i.optimole.com\/w:450\/h:800\/q:mauto\/f:best\/https:\/\/www.macgleo.com\/blog\/wp-content\/uploads\/2017\/04\/20170404Sistrot6-1.jpg 450w\" sizes=\"(max-width: 169px) 100vw, 169px\" \/><\/a><a href=\"http:\/\/www.macgleo.com\/blog\/2017\/04\/09\/la-degustation-du-sistrot-davril-2017\/20170404sistrot7\/\" rel=\"attachment wp-att-1643\"><img data-opt-id=839667921  decoding=\"async\" class=\"size-medium wp-image-1643 alignnone\" src=\"https:\/\/mloeudo7ye9b.i.optimole.com\/w:169\/h:300\/q:mauto\/f:best\/http:\/\/www.macgleo.com\/blog\/wp-content\/uploads\/2017\/04\/20170404Sistrot7.jpg\" alt=\"\" width=\"169\" height=\"300\" srcset=\"https:\/\/mloeudo7ye9b.i.optimole.com\/w:169\/h:300\/q:mauto\/f:best\/https:\/\/www.macgleo.com\/blog\/wp-content\/uploads\/2017\/04\/20170404Sistrot7.jpg 169w, https:\/\/mloeudo7ye9b.i.optimole.com\/w:450\/h:800\/q:mauto\/f:best\/https:\/\/www.macgleo.com\/blog\/wp-content\/uploads\/2017\/04\/20170404Sistrot7.jpg 450w\" sizes=\"(max-width: 169px) 100vw, 169px\" \/><\/a><\/p>\n<p>Une tout autre origine pour le dernier cidre de la soir\u00e9e avec l\u2019<strong>EZ Orchards<\/strong> qui nous vient de l\u2019<strong>Or\u00e9gon aux USA<\/strong> et m\u2019avait \u00e9t\u00e9 transmis par Darlene Hayes, \u00e9minente sp\u00e9cialiste Am\u00e9ricaine du cidre. En bon Cornouaillais, nous avons un peu \u201cgal\u00e9r\u00e9\u201d avec la capsule (c\u2019est assez courant aux USA), mais heureusement Ronan Gire a d\u00e9gain\u00e9 l\u2019outil ad\u00e9quat.<\/p>\n<p>Dans le verre, il est l\u00e9g\u00e8rement voil\u00e9, orange p\u00e2le avec une mousse mesur\u00e9e. Le nez est peu expressif, mais\u00a0nous y ayons trouv\u00e9 du fruit. En bouche il est assez bien \u00e9quilibr\u00e9 avec de l\u2019amertume, mais il manque\u00a0de rondeur. La fin de bouche est dans cette\u00a0continuit\u00e9 et pas assez longue\u00a0\u00e0 notre avis. C\u2019est un produit int\u00e9ressant qui rappelle d\u2019une certaine mani\u00e8re les cidres fermiers du centre Bretagne. Cependant, et de la m\u00eame mani\u00e8re que parfois ceux-ci, on ne retrouve pas assez le go\u00fbt des fruits.<\/p>\n<p><a href=\"http:\/\/www.macgleo.com\/blog\/2017\/04\/09\/la-degustation-du-sistrot-davril-2017\/20170404sistrot8\/\" rel=\"attachment wp-att-1654\"><img data-opt-id=1656443767  decoding=\"async\" class=\"aligncenter wp-image-1654 size-full\" src=\"https:\/\/mloeudo7ye9b.i.optimole.com\/w:auto\/h:auto\/q:mauto\/f:best\/http:\/\/www.macgleo.com\/blog\/wp-content\/uploads\/2017\/04\/20170404Sistrot8.jpg\" alt=\"\" width=\"850\" height=\"680\" srcset=\"https:\/\/mloeudo7ye9b.i.optimole.com\/w:850\/h:680\/q:mauto\/f:best\/https:\/\/www.macgleo.com\/blog\/wp-content\/uploads\/2017\/04\/20170404Sistrot8.jpg 850w, https:\/\/mloeudo7ye9b.i.optimole.com\/w:300\/h:240\/q:mauto\/f:best\/https:\/\/www.macgleo.com\/blog\/wp-content\/uploads\/2017\/04\/20170404Sistrot8.jpg 300w, https:\/\/mloeudo7ye9b.i.optimole.com\/w:768\/h:614\/q:mauto\/f:best\/https:\/\/www.macgleo.com\/blog\/wp-content\/uploads\/2017\/04\/20170404Sistrot8.jpg 768w\" sizes=\"(max-width: 850px) 100vw, 850px\" \/><\/a><\/p>\n<p>Ce fut un beau voyage sur la plan\u00e8te cidre, qui en appelle d\u2019autres. Ces soir\u00e9es d\u00e9gustations r\u00e9guli\u00e8res, de cidres d\u2019ici et d\u2019ailleurs, trouvera un jour sans doute son prolongement sur la carte du Sistrot. Pour l\u2019heure nous ne boudons pas notre plaisir de d\u00e9couvrir les tr\u00e8s nombreuses interpr\u00e9tations\u00a0de la boisson de pomme.<\/p>\n<p style=\"text-align: right;\"><em>Mark Gleonec<\/em><\/p>\n","protected":false},"excerpt":{"rendered":"<p>Une table bien fr\u00e9quent\u00e9e en ce premier mardi d\u2019avril. Outre Ronan Gire du Sistrot qui s\u2019\u00e9tait rendu disponible, la d\u00e9gustation a rassembl\u00e9 Brieug Saliou de la Cidrerie des Vergers de&hellip;&nbsp;<a href=\"https:\/\/www.macgleo.com\/blog\/2017\/04\/09\/la-degustation-du-sistrot-davril-2017\/\" rel=\"bookmark\">Lire la suite &raquo;<span class=\"screen-reader-text\">La d\u00e9gustation du Sistrot d&rsquo;avril 2017<\/span><\/a><\/p>\n","protected":false},"author":1,"featured_media":0,"comment_status":"open","ping_status":"open","sticky":false,"template":"","format":"standard","meta":{"neve_meta_sidebar":"","neve_meta_container":"","neve_meta_enable_content_width":"","neve_meta_content_width":0,"neve_meta_title_alignment":"","neve_meta_author_avatar":"","neve_post_elements_order":"","neve_meta_disable_header":"","neve_meta_disable_footer":"","neve_meta_disable_title":"","footnotes":""},"categories":[4],"tags":[],"class_list":["post-1622","post","type-post","status-publish","format-standard","hentry","category-cidre"],"_links":{"self":[{"href":"https:\/\/www.macgleo.com\/blog\/wp-json\/wp\/v2\/posts\/1622","targetHints":{"allow":["GET"]}}],"collection":[{"href":"https:\/\/www.macgleo.com\/blog\/wp-json\/wp\/v2\/posts"}],"about":[{"href":"https:\/\/www.macgleo.com\/blog\/wp-json\/wp\/v2\/types\/post"}],"author":[{"embeddable":true,"href":"https:\/\/www.macgleo.com\/blog\/wp-json\/wp\/v2\/users\/1"}],"replies":[{"embeddable":true,"href":"https:\/\/www.macgleo.com\/blog\/wp-json\/wp\/v2\/comments?post=1622"}],"version-history":[{"count":36,"href":"https:\/\/www.macgleo.com\/blog\/wp-json\/wp\/v2\/posts\/1622\/revisions"}],"predecessor-version":[{"id":1667,"href":"https:\/\/www.macgleo.com\/blog\/wp-json\/wp\/v2\/posts\/1622\/revisions\/1667"}],"wp:attachment":[{"href":"https:\/\/www.macgleo.com\/blog\/wp-json\/wp\/v2\/media?parent=1622"}],"wp:term":[{"taxonomy":"category","embeddable":true,"href":"https:\/\/www.macgleo.com\/blog\/wp-json\/wp\/v2\/categories?post=1622"},{"taxonomy":"post_tag","embeddable":true,"href":"https:\/\/www.macgleo.com\/blog\/wp-json\/wp\/v2\/tags?post=1622"}],"curies":[{"name":"wp","href":"https:\/\/api.w.org\/{rel}","templated":true}]}}