{"id":1413,"date":"2016-02-15T21:31:04","date_gmt":"2016-02-15T20:31:04","guid":{"rendered":"http:\/\/www.macgleo.com\/blog\/?p=1413"},"modified":"2016-02-16T12:04:53","modified_gmt":"2016-02-16T11:04:53","slug":"avalou-chwerv","status":"publish","type":"post","link":"https:\/\/www.macgleo.com\/blog\/2016\/02\/15\/avalou-chwerv\/","title":{"rendered":"Avalo\u00f9 c\u2019hwerv"},"content":{"rendered":"<p><a href=\"http:\/\/www.macgleo.com\/blog\/2016\/02\/15\/avalou-chwerv\/78-chwerv-ruz-per-lay20141027\/\" rel=\"attachment wp-att-1414\"><img data-opt-id=2007864009  fetchpriority=\"high\" decoding=\"async\" class=\"wp-image-1414 size-medium alignnone\" src=\"https:\/\/mloeudo7ye9b.i.optimole.com\/w:300\/h:300\/q:mauto\/f:best\/http:\/\/www.macgleo.com\/blog\/wp-content\/uploads\/2016\/02\/78-Chwerv-ruz-Per-Lay20141027.jpg\" alt=\"78 C'hwerv-ruz-Per-Lay20141027\" width=\"300\" height=\"300\" srcset=\"https:\/\/mloeudo7ye9b.i.optimole.com\/w:300\/h:300\/q:mauto\/f:best\/https:\/\/www.macgleo.com\/blog\/wp-content\/uploads\/2016\/02\/78-Chwerv-ruz-Per-Lay20141027.jpg 300w, https:\/\/mloeudo7ye9b.i.optimole.com\/w:150\/h:150\/q:mauto\/f:best\/https:\/\/www.macgleo.com\/blog\/wp-content\/uploads\/2016\/02\/78-Chwerv-ruz-Per-Lay20141027.jpg 150w, https:\/\/mloeudo7ye9b.i.optimole.com\/w:768\/h:768\/q:mauto\/f:best\/https:\/\/www.macgleo.com\/blog\/wp-content\/uploads\/2016\/02\/78-Chwerv-ruz-Per-Lay20141027.jpg 768w, https:\/\/mloeudo7ye9b.i.optimole.com\/w:850\/h:850\/q:mauto\/f:best\/https:\/\/www.macgleo.com\/blog\/wp-content\/uploads\/2016\/02\/78-Chwerv-ruz-Per-Lay20141027.jpg 850w\" sizes=\"(max-width: 300px) 100vw, 300px\" \/><\/a><\/p>\n<p><em>C&rsquo;hwerv-ruz-Per-lae \u00a9 MarkGleonec2014<\/em><\/p>\n<p><em>Avalo\u00f9 c\u2019hwerv :\u00a0Aval = pomme, avalo\u00f9 = pommes &#8211;\u00a0C\u2019hwerv (prononc\u00e9 f\u00e9o en sud Cornouaille) = amer<\/em><\/p>\n<p><strong>C\u2019hwerv est un terme que l\u2019on retrouve r\u00e9guli\u00e8rement dans le nom des pommes \u00e0 cidre du sud de la Cornouaille. On peut y recenser 34 noms\u00a0diff\u00e9rents\u00a0d\u2019apr\u00e8s la litt\u00e9rature, le collectage aupr\u00e8s des anciens et les quelques \u00e9tudes plus ou moins scientifiques sur la pomologie locale. Il en manque probablement.<\/strong><\/p>\n<p>On constate\u00a0 cependant une forte concentration autour de Fouenant et de La Foret-Fouenant, ces deux communes rassemblant 24 occurrences. Le Pays Bigouden en compte 5. En dehors de ces zones l\u2019usage du terme c\u2019hwerv est peu r\u00e9pandu (5) et concerne g\u00e9n\u00e9ralement des vari\u00e9t\u00e9s originaires du secteur de Fouenant.<\/p>\n<p>On pourrait penser que cela refl\u00e8te l\u2019app\u00e9tence des Fouenantais pour la douce amertume, mais en r\u00e9alit\u00e9 le terme n\u2019est pas r\u00e9serv\u00e9 uniquement aux pommes am\u00e8res et m\u00eame quelques pommes douces y ont droit. L\u2019analyse fait ressortir 3 vari\u00e9t\u00e9s tr\u00e8s am\u00e8res, 13 am\u00e8res, 15 douce-am\u00e8res et 3 douces. Pour ces derni\u00e8res ne s\u2019agit pas d\u2019une appr\u00e9ciation erron\u00e9e de leur saveur, mais plus certainement de la n\u00e9cessit\u00e9 d\u2019affirmer que ce sont bien des pommes \u00e0 cidre.<\/p>\n<p><a href=\"http:\/\/www.macgleo.com\/blog\/2016\/02\/15\/avalou-chwerv\/99chwerv-brizh20150926\/\" rel=\"attachment wp-att-1422\"><img data-opt-id=865201841  fetchpriority=\"high\" decoding=\"async\" class=\"size-medium wp-image-1422 alignnone\" src=\"https:\/\/mloeudo7ye9b.i.optimole.com\/w:300\/h:300\/q:mauto\/f:best\/http:\/\/www.macgleo.com\/blog\/wp-content\/uploads\/2016\/02\/99Chwerv-brizh20150926.jpg\" alt=\"99C'hwerv-brizh20150926\" width=\"300\" height=\"300\" srcset=\"https:\/\/mloeudo7ye9b.i.optimole.com\/w:300\/h:300\/q:mauto\/f:best\/https:\/\/www.macgleo.com\/blog\/wp-content\/uploads\/2016\/02\/99Chwerv-brizh20150926.jpg 300w, https:\/\/mloeudo7ye9b.i.optimole.com\/w:150\/h:150\/q:mauto\/f:best\/https:\/\/www.macgleo.com\/blog\/wp-content\/uploads\/2016\/02\/99Chwerv-brizh20150926.jpg 150w, https:\/\/mloeudo7ye9b.i.optimole.com\/w:768\/h:767\/q:mauto\/f:best\/https:\/\/www.macgleo.com\/blog\/wp-content\/uploads\/2016\/02\/99Chwerv-brizh20150926.jpg 768w, https:\/\/mloeudo7ye9b.i.optimole.com\/w:850\/h:849\/q:mauto\/f:best\/https:\/\/www.macgleo.com\/blog\/wp-content\/uploads\/2016\/02\/99Chwerv-brizh20150926.jpg 850w\" sizes=\"(max-width: 300px) 100vw, 300px\" \/><\/a><\/p>\n<p><em>C&rsquo;hwerv-brizh \u00a9\u00a0MarkGleonec2014<\/em><\/p>\n<p>On trouve donc :<\/p>\n<p>C\u2019hwerv-bleiz <em>(Tr\u00e8s am\u00e8re)<\/em><\/p>\n<p>C\u2019hwerv-bosh <em>(Tr\u00e8s am\u00e8re)<\/em><\/p>\n<p>C\u2019hwerv-brav <em>(Douce-am\u00e8re)<\/em><\/p>\n<p>C\u2019hwerv-brizh <em>(Douce-am\u00e8re)<\/em><\/p>\n<p>C\u2019hwerv-brizh-abred <em>(Douce-am\u00e8re)<\/em><\/p>\n<p>C\u2019hwerv-brizh-bihan <em>(Douce-am\u00e8re)<\/em><\/p>\n<p>C\u2019hwerv-brizh-bras <em>(Douce-am\u00e8re)<\/em><\/p>\n<p>C\u2019hwerv-brizh-glas <em>(Am\u00e8re)<\/em><\/p>\n<p>C\u2019hwerv-brizh-ruz <em>(Douce-am\u00e8re)<\/em><\/p>\n<p>C\u2019hwerv-bro <em>(Douce-am\u00e8re)<\/em><\/p>\n<p>C\u2019hwerv-bro-Pleuven <em>(Douce-am\u00e8re)<\/em><\/p>\n<p>C\u2019hwerv-bro-voucher <em>(Douce-am\u00e8re)<\/em><\/p>\n<p>C\u2019hwerv-Challes <em>(Douce)<\/em><\/p>\n<p>C\u2019hwerv-gwenn <em>(Douce)<\/em><\/p>\n<p>C\u2019hwerv-gwenn-Peurid <em>(Am\u00e8re)<\/em><\/p>\n<p>C\u2019hwerv-gwenn-Gwennac\u2019h <em>(Douce-am\u00e8re)<\/em><\/p>\n<p>C\u2019hwerv-gwenn-ar-Faou\u00a0<em>(Am\u00e8re)<\/em><\/p>\n<p>C\u2019hwerv-Jego <em>(Douce-am\u00e8re)<\/em><\/p>\n<p>C\u2019hwerv-Kerler\u00a0<em>(Am\u00e8re)<\/em><\/p>\n<p>C\u2019hwerv-Kertieg <em>(Am\u00e8re)<\/em><\/p>\n<p>C\u2019hwerv-plad <em>(Am\u00e8re)<\/em><\/p>\n<p>C\u2019hwerv-rous <em>(Douce-am\u00e8re)<\/em><\/p>\n<p>C\u2019hwerv-ruz <em>(Am\u00e8re)<\/em><\/p>\n<p>C\u2019hwerv-ruz-ar-penker <em>(Am\u00e8re)<\/em><\/p>\n<p>C\u2019hwerv-ruz-bihan <em>(Douce-am\u00e8re)<\/em><\/p>\n<p>C\u2019hwerv-ruz-bottle-stank <em>(Am\u00e8re)<\/em><\/p>\n<p>C\u2019hwerv-ruz-Keroual <em>(Am\u00e8re)<\/em><\/p>\n<p>C\u2019hwerv-ruz-Maner <em>(Douce)<\/em><\/p>\n<p>C\u2019hwerv-ruz-mod-kozh <em>(Am\u00e8re)<\/em><\/p>\n<p>C\u2019hwerv-ruz-Per-Lae <em>(Am\u00e8re)<\/em><\/p>\n<p>C\u2019hwerv-ruz-Praland <em>(Douce-am\u00e8re)<\/em><\/p>\n<p>C\u2019hwerv-ruz-Toulgoat <em>(Douce-am\u00e8re)<\/em><\/p>\n<p>C\u2019hwerv-stank <em>(Am\u00e8re)<\/em><\/p>\n<p>C\u2019hwerv-vess <em>(Tr\u00e8s am\u00e8re)<\/em><\/p>\n<p><a href=\"http:\/\/www.macgleo.com\/blog\/2016\/02\/15\/avalou-chwerv\/26chwerv-bosh20150926\/\" rel=\"attachment wp-att-1421\"><img data-opt-id=54140018  fetchpriority=\"high\" decoding=\"async\" class=\"wp-image-1421 size-medium alignnone\" src=\"https:\/\/mloeudo7ye9b.i.optimole.com\/w:300\/h:300\/q:mauto\/f:best\/http:\/\/www.macgleo.com\/blog\/wp-content\/uploads\/2016\/02\/26Chwerv-bosh20150926.jpg\" alt=\"26C'hwerv-bosh20150926\" width=\"300\" height=\"300\" srcset=\"https:\/\/mloeudo7ye9b.i.optimole.com\/w:300\/h:300\/q:mauto\/f:best\/https:\/\/www.macgleo.com\/blog\/wp-content\/uploads\/2016\/02\/26Chwerv-bosh20150926.jpg 300w, https:\/\/mloeudo7ye9b.i.optimole.com\/w:150\/h:150\/q:mauto\/f:best\/https:\/\/www.macgleo.com\/blog\/wp-content\/uploads\/2016\/02\/26Chwerv-bosh20150926.jpg 150w, https:\/\/mloeudo7ye9b.i.optimole.com\/w:768\/h:769\/q:mauto\/f:best\/https:\/\/www.macgleo.com\/blog\/wp-content\/uploads\/2016\/02\/26Chwerv-bosh20150926.jpg 768w, https:\/\/mloeudo7ye9b.i.optimole.com\/w:850\/h:851\/q:mauto\/f:best\/https:\/\/www.macgleo.com\/blog\/wp-content\/uploads\/2016\/02\/26Chwerv-bosh20150926.jpg 850w\" sizes=\"(max-width: 300px) 100vw, 300px\" \/><\/a><\/p>\n<p><em>C&rsquo;hwerv-bosh \u00a9\u00a0MarkGleonec2014<\/em><\/p>\n","protected":false},"excerpt":{"rendered":"<p>C&rsquo;hwerv-ruz-Per-lae \u00a9 MarkGleonec2014 Avalo\u00f9 c\u2019hwerv :\u00a0Aval = pomme, avalo\u00f9 = pommes &#8211;\u00a0C\u2019hwerv (prononc\u00e9 f\u00e9o en sud Cornouaille) = amer C\u2019hwerv est un terme que l\u2019on retrouve r\u00e9guli\u00e8rement dans le nom&hellip;&nbsp;<a href=\"https:\/\/www.macgleo.com\/blog\/2016\/02\/15\/avalou-chwerv\/\" rel=\"bookmark\">Lire la suite &raquo;<span class=\"screen-reader-text\">Avalo\u00f9 c\u2019hwerv<\/span><\/a><\/p>\n","protected":false},"author":1,"featured_media":0,"comment_status":"open","ping_status":"open","sticky":false,"template":"","format":"standard","meta":{"neve_meta_sidebar":"","neve_meta_container":"","neve_meta_enable_content_width":"","neve_meta_content_width":0,"neve_meta_title_alignment":"","neve_meta_author_avatar":"","neve_post_elements_order":"","neve_meta_disable_header":"","neve_meta_disable_footer":"","neve_meta_disable_title":"","footnotes":""},"categories":[9],"tags":[],"class_list":["post-1413","post","type-post","status-publish","format-standard","hentry","category-pommes"],"_links":{"self":[{"href":"https:\/\/www.macgleo.com\/blog\/wp-json\/wp\/v2\/posts\/1413","targetHints":{"allow":["GET"]}}],"collection":[{"href":"https:\/\/www.macgleo.com\/blog\/wp-json\/wp\/v2\/posts"}],"about":[{"href":"https:\/\/www.macgleo.com\/blog\/wp-json\/wp\/v2\/types\/post"}],"author":[{"embeddable":true,"href":"https:\/\/www.macgleo.com\/blog\/wp-json\/wp\/v2\/users\/1"}],"replies":[{"embeddable":true,"href":"https:\/\/www.macgleo.com\/blog\/wp-json\/wp\/v2\/comments?post=1413"}],"version-history":[{"count":9,"href":"https:\/\/www.macgleo.com\/blog\/wp-json\/wp\/v2\/posts\/1413\/revisions"}],"predecessor-version":[{"id":1425,"href":"https:\/\/www.macgleo.com\/blog\/wp-json\/wp\/v2\/posts\/1413\/revisions\/1425"}],"wp:attachment":[{"href":"https:\/\/www.macgleo.com\/blog\/wp-json\/wp\/v2\/media?parent=1413"}],"wp:term":[{"taxonomy":"category","embeddable":true,"href":"https:\/\/www.macgleo.com\/blog\/wp-json\/wp\/v2\/categories?post=1413"},{"taxonomy":"post_tag","embeddable":true,"href":"https:\/\/www.macgleo.com\/blog\/wp-json\/wp\/v2\/tags?post=1413"}],"curies":[{"name":"wp","href":"https:\/\/api.w.org\/{rel}","templated":true}]}}