{"id":1215,"date":"2015-02-15T23:16:06","date_gmt":"2015-02-15T22:16:06","guid":{"rendered":"http:\/\/www.macgleo.com\/blog\/?p=1215"},"modified":"2015-02-15T23:38:15","modified_gmt":"2015-02-15T22:38:15","slug":"la-determination-des-varietes-de-pommes-ii","status":"publish","type":"post","link":"https:\/\/www.macgleo.com\/blog\/2015\/02\/15\/la-determination-des-varietes-de-pommes-ii\/","title":{"rendered":"La d\u00e9termination des vari\u00e9t\u00e9s de pommes (II)"},"content":{"rendered":"<p>II LA SILHOUETTE DES ARBRES<\/p>\n<p><a href=\"https:\/\/mloeudo7ye9b.i.optimole.com\/w:auto\/h:auto\/q:mauto\/f:best\/http:\/\/www.macgleo.com\/blog\/wp-content\/uploads\/2015\/02\/boutailh-vihan.jpg\"><img data-opt-id=983662192  fetchpriority=\"high\" decoding=\"async\" class=\"aligncenter size-full wp-image-1216\" src=\"https:\/\/mloeudo7ye9b.i.optimole.com\/w:auto\/h:auto\/q:mauto\/f:best\/http:\/\/www.macgleo.com\/blog\/wp-content\/uploads\/2015\/02\/boutailh-vihan.jpg\" alt=\"boutailh-vihan\" width=\"567\" height=\"425\" srcset=\"https:\/\/mloeudo7ye9b.i.optimole.com\/w:567\/h:425\/q:mauto\/f:best\/https:\/\/www.macgleo.com\/blog\/wp-content\/uploads\/2015\/02\/boutailh-vihan.jpg 567w, https:\/\/mloeudo7ye9b.i.optimole.com\/w:300\/h:225\/q:mauto\/f:best\/https:\/\/www.macgleo.com\/blog\/wp-content\/uploads\/2015\/02\/boutailh-vihan.jpg 300w\" sizes=\"(max-width: 567px) 100vw, 567px\" \/><\/a><em>boutailh-vihan<\/em><\/p>\n<p><b><i>Dans un verger, un des crit\u00e8res de d\u00e9termination d\u2019une vari\u00e9t\u00e9 est l\u2019allure de l\u2019arbre, son port naturel, qui est la silhouette qu\u2019il arbore en poussant sans contrainte dans un lieu d\u00e9gag\u00e9 et stable.<\/i><\/b><\/p>\n<p>Cette silhouette lui est propre et d\u00e9pend de son patrimoine g\u00e9n\u00e9tique. Elle peut cependant\u00a0 \u00eatre affect\u00e9e par le vieillissement, l\u2019environnement, la comp\u00e9tition entre diff\u00e9rents sujets (dans un bois), les conditions climatiques (le vent sur la cote), la pr\u00e9sence d\u2019animaux sauvages ou domestiques et enfin par l\u2019action des hommes (la greffe, la taille, etc\u2026) qui s\u2019av\u00e8re souvent le facteur le plus d\u00e9terminant.<\/p>\n<p>Un arbre peut \u00eatre identifi\u00e9 par sa silhouette caract\u00e9ristique. Il est cependant n\u00e9cessaire de confirmer l\u2019esp\u00e8ce par d&rsquo;autres particularit\u00e9s comme les feuilles, les fleurs ou les fruits.<\/p>\n<p>On distingue deux grandes familles d\u2019allures :<\/p>\n<p>Les plants sont dits \u201cacrotone\u201d, lorsque les rameaux plac\u00e9s au sommet sont les plus d\u00e9velopp\u00e9s, tandis qu\u2019ils sont dits \u201cbasitone\u201d, lorsque les rameaux se d\u00e9veloppent \u00e0 partir de la base.<\/p>\n<p><a href=\"https:\/\/mloeudo7ye9b.i.optimole.com\/w:auto\/h:auto\/q:mauto\/f:best\/http:\/\/www.macgleo.com\/blog\/wp-content\/uploads\/2015\/02\/Acrotone.png\"><img data-opt-id=143702182  fetchpriority=\"high\" decoding=\"async\" class=\"aligncenter size-full wp-image-1217\" src=\"https:\/\/mloeudo7ye9b.i.optimole.com\/w:auto\/h:auto\/q:mauto\/f:best\/http:\/\/www.macgleo.com\/blog\/wp-content\/uploads\/2015\/02\/Acrotone.png\" alt=\"Acrotone\" width=\"184\" height=\"204\" \/><\/a><\/p>\n<p style=\"text-align: center;\"><span style=\"text-align: left;\">Acrotone<\/span><\/p>\n<p style=\"text-align: center;\"><a href=\"https:\/\/mloeudo7ye9b.i.optimole.com\/w:auto\/h:auto\/q:mauto\/f:best\/http:\/\/www.macgleo.com\/blog\/wp-content\/uploads\/2015\/02\/Basitone.png\"><img data-opt-id=1641888884  fetchpriority=\"high\" decoding=\"async\" class=\"aligncenter size-full wp-image-1218\" src=\"https:\/\/mloeudo7ye9b.i.optimole.com\/w:auto\/h:auto\/q:mauto\/f:best\/http:\/\/www.macgleo.com\/blog\/wp-content\/uploads\/2015\/02\/Basitone.png\" alt=\"Basitone\" width=\"220\" height=\"134\" \/><\/a><\/p>\n<p style=\"text-align: center;\">Basitone<\/p>\n<p><span style=\"text-align: left;\">Si les arbres poussant sans contrainte sont reconnaissables \u00e0 leur port naturel, dans le cas d\u2019un verger \u00e0 fruits, ils sont greff\u00e9s et pr\u00e9sentent tous un tronc \u00e0 peu pr\u00e8s droit, standard, dont la hauteur peut varier en fonction du mode d\u2019exploitation.<\/span><\/p>\n<p>On trouve ainsi des \u201cbasses-tiges\u201d dans les vergers intensifs, avec des troncs courts, ou au contraire des \u201chautes-tiges\u201d, dans les vergers plus soucieux de qualit\u00e9 que de rendement, dont les troncs sont assez hauts et les arbres bien plus beaux. Il existe \u00e9videmment des vergers \u201cmoyennes tiges\u201d \u00e0 la hauteur de tronc adapt\u00e9e aux sp\u00e9cificit\u00e9s de l\u2019exploitation et au ramassage m\u00e9canique. Si la d\u00e9termination d\u2019une vari\u00e9t\u00e9 par sa seule silhouette peut donc \u00eatre al\u00e9atoire, chacune pr\u00e9sente tout de m\u00eame ses caract\u00e9ristiques particuli\u00e8res.<\/p>\n<p><b>Quelques ports naturel d\u2019arbres.<\/b><\/p>\n<p><a href=\"https:\/\/mloeudo7ye9b.i.optimole.com\/w:auto\/h:auto\/q:mauto\/f:best\/http:\/\/www.macgleo.com\/blog\/wp-content\/uploads\/2015\/02\/Port-boule.png\"><img data-opt-id=1865501047  decoding=\"async\" class=\" size-full wp-image-1227 aligncenter\" src=\"https:\/\/mloeudo7ye9b.i.optimole.com\/w:auto\/h:auto\/q:mauto\/f:best\/http:\/\/www.macgleo.com\/blog\/wp-content\/uploads\/2015\/02\/Port-boule.png\" alt=\"Port boule\" width=\"187\" height=\"241\" \/><\/a><\/p>\n<p style=\"text-align: center;\">Port boule<\/p>\n<p><a href=\"https:\/\/mloeudo7ye9b.i.optimole.com\/w:auto\/h:auto\/q:mauto\/f:best\/http:\/\/www.macgleo.com\/blog\/wp-content\/uploads\/2015\/02\/Port-pleureur.png\"><img data-opt-id=78800418  decoding=\"async\" class=\" size-full wp-image-1228 aligncenter\" src=\"https:\/\/mloeudo7ye9b.i.optimole.com\/w:auto\/h:auto\/q:mauto\/f:best\/http:\/\/www.macgleo.com\/blog\/wp-content\/uploads\/2015\/02\/Port-pleureur.png\" alt=\"Port pleureur\" width=\"298\" height=\"258\" \/><\/a><\/p>\n<p style=\"text-align: center;\">Port pleureur<\/p>\n<p><a href=\"https:\/\/mloeudo7ye9b.i.optimole.com\/w:auto\/h:auto\/q:mauto\/f:best\/http:\/\/www.macgleo.com\/blog\/wp-content\/uploads\/2015\/02\/Port-V.png\"><img data-opt-id=2026968815  decoding=\"async\" class=\" size-full wp-image-1229 aligncenter\" src=\"https:\/\/mloeudo7ye9b.i.optimole.com\/w:auto\/h:auto\/q:mauto\/f:best\/http:\/\/www.macgleo.com\/blog\/wp-content\/uploads\/2015\/02\/Port-V.png\" alt=\"Port V\" width=\"150\" height=\"268\" \/><\/a><\/p>\n<p style=\"text-align: center;\">Port \u00e9rig\u00e9 (en V)<\/p>\n<p><a href=\"https:\/\/mloeudo7ye9b.i.optimole.com\/w:auto\/h:auto\/q:mauto\/f:best\/http:\/\/www.macgleo.com\/blog\/wp-content\/uploads\/2015\/02\/ETALE.png\"><img data-opt-id=977262036  decoding=\"async\" class=\" size-full wp-image-1230 aligncenter\" src=\"https:\/\/mloeudo7ye9b.i.optimole.com\/w:auto\/h:auto\/q:mauto\/f:best\/http:\/\/www.macgleo.com\/blog\/wp-content\/uploads\/2015\/02\/ETALE.png\" alt=\"ETALE\" width=\"215\" height=\"258\" \/><\/a><\/p>\n<p style=\"text-align: center;\">Port \u00e9tal\u00e9<\/p>\n<p>On peut \u00e9galement cit\u00e9 le port fastigi\u00e9 (Peuplier d\u2019Italie), le port pyramidal qui peut en \u00eatre proche, le port ovo\u00efde (Tilleul argent\u00e9) le port en c\u00e9p\u00e9e (Bouleau) ou le port tortueux qui comme son nom le laisse pr\u00e9sager, peut prendre une\u00a0dr\u00f4le de forme.<\/p>\n<p><b>Quelques exemples de silhouettes de pommiers \u00e0 cidre.<\/b><\/p>\n<p>Pour classer les arbres, une m\u00e9thode consiste \u00e0 relever l\u2019angle d\u2019inclinaison des branches par rapport au tronc, \u00e0\u00a0croiser ces donn\u00e9es avec son allure g\u00e9n\u00e9rale et le comportement des rameaux. Cela permet de dresser un tableau des types et de rapprocher par observation, chaque vari\u00e9t\u00e9 \u00e0 un type pr\u00e9cis.<\/p>\n<p>En r\u00e9alit\u00e9 il n\u2019est pas simple pour le novice de s\u2019y retrouver une fois dans le verger, surtout si les arbres sont anciens, n\u2019ont pas ou peu \u00e9t\u00e9 taill\u00e9s, s\u2019ils portent la trace du passage d\u2019une temp\u00eate ou s\u2019ils sont plant\u00e9s dans un recoin \u00e0 l\u2019ensoleillement d\u00e9faillant (pr\u00e8s de grands ch\u00e2taigniers par exemple).<\/p>\n<p>Plut\u00f4t que de s\u2019y perdre, voici quelques types d\u2019arbres tels qu\u2019on peut en voir en nos contr\u00e9es avec les commentaires pragmatiques qu\u2019on peut en faire :<\/p>\n<p><strong>Beleien<\/strong><\/p>\n<p><a href=\"https:\/\/mloeudo7ye9b.i.optimole.com\/w:auto\/h:auto\/q:mauto\/f:best\/http:\/\/www.macgleo.com\/blog\/wp-content\/uploads\/2015\/02\/BeleienBD.jpg\"><img data-opt-id=1995485296  decoding=\"async\" class=\"aligncenter size-full wp-image-1237\" src=\"https:\/\/mloeudo7ye9b.i.optimole.com\/w:auto\/h:auto\/q:mauto\/f:best\/http:\/\/www.macgleo.com\/blog\/wp-content\/uploads\/2015\/02\/BeleienBD.jpg\" alt=\"BeleienBD\" width=\"425\" height=\"567\" srcset=\"https:\/\/mloeudo7ye9b.i.optimole.com\/w:425\/h:567\/q:mauto\/f:best\/https:\/\/www.macgleo.com\/blog\/wp-content\/uploads\/2015\/02\/BeleienBD.jpg 425w, https:\/\/mloeudo7ye9b.i.optimole.com\/w:225\/h:300\/q:mauto\/f:best\/https:\/\/www.macgleo.com\/blog\/wp-content\/uploads\/2015\/02\/BeleienBD.jpg 225w\" sizes=\"(max-width: 425px) 100vw, 425px\" \/><\/a><\/p>\n<p>Arbre vigoureux au port tr\u00e8s \u00e9rig\u00e9 avec des rameaux plut\u00f4t a\u00e9r\u00e9s.<\/p>\n<p><strong>Kermerrien<\/strong><\/p>\n<p><a href=\"https:\/\/mloeudo7ye9b.i.optimole.com\/w:auto\/h:auto\/q:mauto\/f:best\/http:\/\/www.macgleo.com\/blog\/wp-content\/uploads\/2015\/02\/KermerrienBD.jpg\"><img data-opt-id=1828129378  decoding=\"async\" class=\"aligncenter size-full wp-image-1238\" src=\"https:\/\/mloeudo7ye9b.i.optimole.com\/w:auto\/h:auto\/q:mauto\/f:best\/http:\/\/www.macgleo.com\/blog\/wp-content\/uploads\/2015\/02\/KermerrienBD.jpg\" alt=\"KermerrienBD\" width=\"425\" height=\"567\" srcset=\"https:\/\/mloeudo7ye9b.i.optimole.com\/w:425\/h:567\/q:mauto\/f:best\/https:\/\/www.macgleo.com\/blog\/wp-content\/uploads\/2015\/02\/KermerrienBD.jpg 425w, https:\/\/mloeudo7ye9b.i.optimole.com\/w:225\/h:300\/q:mauto\/f:best\/https:\/\/www.macgleo.com\/blog\/wp-content\/uploads\/2015\/02\/KermerrienBD.jpg 225w\" sizes=\"(max-width: 425px) 100vw, 425px\" \/><\/a><\/p>\n<p>Arbre tr\u00e8s vigoureux au port \u00e9rig\u00e9, \u00e0 la charpente solide avec des rameaux assez denses.<\/p>\n<p><strong>Person<\/strong><\/p>\n<p><a href=\"https:\/\/mloeudo7ye9b.i.optimole.com\/w:auto\/h:auto\/q:mauto\/f:best\/http:\/\/www.macgleo.com\/blog\/wp-content\/uploads\/2015\/02\/PersonBD.jpg\"><img data-opt-id=491737586  decoding=\"async\" class=\"aligncenter size-full wp-image-1240\" src=\"https:\/\/mloeudo7ye9b.i.optimole.com\/w:auto\/h:auto\/q:mauto\/f:best\/http:\/\/www.macgleo.com\/blog\/wp-content\/uploads\/2015\/02\/PersonBD.jpg\" alt=\"PersonBD\" width=\"425\" height=\"567\" srcset=\"https:\/\/mloeudo7ye9b.i.optimole.com\/w:425\/h:567\/q:mauto\/f:best\/https:\/\/www.macgleo.com\/blog\/wp-content\/uploads\/2015\/02\/PersonBD.jpg 425w, https:\/\/mloeudo7ye9b.i.optimole.com\/w:225\/h:300\/q:mauto\/f:best\/https:\/\/www.macgleo.com\/blog\/wp-content\/uploads\/2015\/02\/PersonBD.jpg 225w\" sizes=\"(max-width: 425px) 100vw, 425px\" \/><\/a><\/p>\n<p>Arbre moyennement vigoureux, semi \u00e9rig\u00e9, charpent\u00e9 avec des rameaux assez a\u00e9r\u00e9s et plut\u00f4t \u00e9tal\u00e9s.<\/p>\n<p><strong>M\u00e9daille-d\u2019argent-Kap-Kozh<\/strong><\/p>\n<p><a href=\"https:\/\/mloeudo7ye9b.i.optimole.com\/w:auto\/h:auto\/q:mauto\/f:best\/http:\/\/www.macgleo.com\/blog\/wp-content\/uploads\/2015\/02\/Medaille-dargent-Kap-kozhBD.jpg\"><img data-opt-id=7288458  decoding=\"async\" class=\"aligncenter size-full wp-image-1241\" src=\"https:\/\/mloeudo7ye9b.i.optimole.com\/w:auto\/h:auto\/q:mauto\/f:best\/http:\/\/www.macgleo.com\/blog\/wp-content\/uploads\/2015\/02\/Medaille-dargent-Kap-kozhBD.jpg\" alt=\"Medaille-d'argent-Kap-kozhBD\" width=\"567\" height=\"425\" srcset=\"https:\/\/mloeudo7ye9b.i.optimole.com\/w:567\/h:425\/q:mauto\/f:best\/https:\/\/www.macgleo.com\/blog\/wp-content\/uploads\/2015\/02\/Medaille-dargent-Kap-kozhBD.jpg 567w, https:\/\/mloeudo7ye9b.i.optimole.com\/w:300\/h:225\/q:mauto\/f:best\/https:\/\/www.macgleo.com\/blog\/wp-content\/uploads\/2015\/02\/Medaille-dargent-Kap-kozhBD.jpg 300w\" sizes=\"(max-width: 567px) 100vw, 567px\" \/><\/a><\/p>\n<p>Arbre vigoureux, \u00e9tal\u00e9 et ascendant, aux rameaux peu denses qui ploient sou le poids des fruits.<\/p>\n<p><strong>Prad-yod<\/strong><\/p>\n<p><a href=\"https:\/\/mloeudo7ye9b.i.optimole.com\/w:auto\/h:auto\/q:mauto\/f:best\/http:\/\/www.macgleo.com\/blog\/wp-content\/uploads\/2015\/02\/Prad-yodBD.jpg\"><img data-opt-id=1801767517  decoding=\"async\" class=\"aligncenter size-full wp-image-1242\" src=\"https:\/\/mloeudo7ye9b.i.optimole.com\/w:auto\/h:auto\/q:mauto\/f:best\/http:\/\/www.macgleo.com\/blog\/wp-content\/uploads\/2015\/02\/Prad-yodBD.jpg\" alt=\"Prad-yodBD\" width=\"567\" height=\"425\" srcset=\"https:\/\/mloeudo7ye9b.i.optimole.com\/w:567\/h:425\/q:mauto\/f:best\/https:\/\/www.macgleo.com\/blog\/wp-content\/uploads\/2015\/02\/Prad-yodBD.jpg 567w, https:\/\/mloeudo7ye9b.i.optimole.com\/w:300\/h:225\/q:mauto\/f:best\/https:\/\/www.macgleo.com\/blog\/wp-content\/uploads\/2015\/02\/Prad-yodBD.jpg 300w\" sizes=\"(max-width: 567px) 100vw, 567px\" \/><\/a><\/p>\n<p>Arbre robuste et vigoureux au port \u00e9tale avec des rameaux denses et buissonneux<\/p>\n<p><strong>C\u2019hwerv-brizh\u00a0<\/strong><\/p>\n<p><a href=\"https:\/\/mloeudo7ye9b.i.optimole.com\/w:auto\/h:auto\/q:mauto\/f:best\/http:\/\/www.macgleo.com\/blog\/wp-content\/uploads\/2015\/02\/Chwerv-brizhBD.jpg\"><img data-opt-id=1570697217  decoding=\"async\" class=\"aligncenter size-full wp-image-1243\" src=\"https:\/\/mloeudo7ye9b.i.optimole.com\/w:auto\/h:auto\/q:mauto\/f:best\/http:\/\/www.macgleo.com\/blog\/wp-content\/uploads\/2015\/02\/Chwerv-brizhBD.jpg\" alt=\"C'hwerv-brizhBD\" width=\"567\" height=\"425\" srcset=\"https:\/\/mloeudo7ye9b.i.optimole.com\/w:567\/h:425\/q:mauto\/f:best\/https:\/\/www.macgleo.com\/blog\/wp-content\/uploads\/2015\/02\/Chwerv-brizhBD.jpg 567w, https:\/\/mloeudo7ye9b.i.optimole.com\/w:300\/h:225\/q:mauto\/f:best\/https:\/\/www.macgleo.com\/blog\/wp-content\/uploads\/2015\/02\/Chwerv-brizhBD.jpg 300w\" sizes=\"(max-width: 567px) 100vw, 567px\" \/><\/a><\/p>\n<p>Arbre vigoureux en d\u00f4me retombant dont on notera l\u2019anarchie des rameaux, denses et buissonneux.<\/p>\n<p><em>Si ces quelques arbres sont connus et correspondent assez aux descriptions que l\u2019on peut en trouver, il en est d\u2019autres pas ou peu d\u00e9crits. Parfois les diff\u00e9rents exemplaires visit\u00e9s semblent assez diff\u00e9rents et on peut se demander en voyant les photos ci-dessous lequel des deux est le bon c\u2019hwerv-brav ? Nous finirons bien par le savoir.<\/em><\/p>\n<p>C\u2019hwerv-brav (I)<\/p>\n<p><a href=\"https:\/\/mloeudo7ye9b.i.optimole.com\/w:auto\/h:auto\/q:mauto\/f:best\/http:\/\/www.macgleo.com\/blog\/wp-content\/uploads\/2015\/02\/Chwerv-brav-IBD.jpg\"><img data-opt-id=1974207714  decoding=\"async\" class=\"aligncenter size-full wp-image-1244\" src=\"https:\/\/mloeudo7ye9b.i.optimole.com\/w:auto\/h:auto\/q:mauto\/f:best\/http:\/\/www.macgleo.com\/blog\/wp-content\/uploads\/2015\/02\/Chwerv-brav-IBD.jpg\" alt=\"C'hwerv-brav (I)BD\" width=\"567\" height=\"425\" srcset=\"https:\/\/mloeudo7ye9b.i.optimole.com\/w:567\/h:425\/q:mauto\/f:best\/https:\/\/www.macgleo.com\/blog\/wp-content\/uploads\/2015\/02\/Chwerv-brav-IBD.jpg 567w, https:\/\/mloeudo7ye9b.i.optimole.com\/w:300\/h:225\/q:mauto\/f:best\/https:\/\/www.macgleo.com\/blog\/wp-content\/uploads\/2015\/02\/Chwerv-brav-IBD.jpg 300w\" sizes=\"(max-width: 567px) 100vw, 567px\" \/><\/a><\/p>\n<p>C\u2019hwerv-brav (II)<\/p>\n<p><a href=\"https:\/\/mloeudo7ye9b.i.optimole.com\/w:auto\/h:auto\/q:mauto\/f:best\/http:\/\/www.macgleo.com\/blog\/wp-content\/uploads\/2015\/02\/Chwerv-brav-IIBD.jpg\"><img data-opt-id=2048381013  decoding=\"async\" class=\"aligncenter size-full wp-image-1245\" src=\"https:\/\/mloeudo7ye9b.i.optimole.com\/w:auto\/h:auto\/q:mauto\/f:best\/http:\/\/www.macgleo.com\/blog\/wp-content\/uploads\/2015\/02\/Chwerv-brav-IIBD.jpg\" alt=\"C'hwerv-brav (II)BD\" width=\"567\" height=\"425\" srcset=\"https:\/\/mloeudo7ye9b.i.optimole.com\/w:567\/h:425\/q:mauto\/f:best\/https:\/\/www.macgleo.com\/blog\/wp-content\/uploads\/2015\/02\/Chwerv-brav-IIBD.jpg 567w, https:\/\/mloeudo7ye9b.i.optimole.com\/w:300\/h:225\/q:mauto\/f:best\/https:\/\/www.macgleo.com\/blog\/wp-content\/uploads\/2015\/02\/Chwerv-brav-IIBD.jpg 300w\" sizes=\"(max-width: 567px) 100vw, 567px\" \/><\/a><\/p>\n<p><em>\u00a9MarkGleonec2015.\u00a0La reproduction des textes, photos et illustrations contenus dans ce document est interdite sans autorisation de l\u2019auteur. Article L335 2 et suivants du code de la propri\u00e9t\u00e9 intellectuelle.<\/em><\/p>\n<p>&nbsp;<\/p>\n<p>&nbsp;<\/p>\n","protected":false},"excerpt":{"rendered":"<p>II LA SILHOUETTE DES ARBRES boutailh-vihan Dans un verger, un des crit\u00e8res de d\u00e9termination d\u2019une vari\u00e9t\u00e9 est l\u2019allure de l\u2019arbre, son port naturel, qui est la silhouette qu\u2019il arbore en&hellip;&nbsp;<a href=\"https:\/\/www.macgleo.com\/blog\/2015\/02\/15\/la-determination-des-varietes-de-pommes-ii\/\" rel=\"bookmark\">Lire la suite &raquo;<span class=\"screen-reader-text\">La d\u00e9termination des vari\u00e9t\u00e9s de pommes (II)<\/span><\/a><\/p>\n","protected":false},"author":1,"featured_media":0,"comment_status":"open","ping_status":"open","sticky":false,"template":"","format":"standard","meta":{"neve_meta_sidebar":"","neve_meta_container":"","neve_meta_enable_content_width":"","neve_meta_content_width":0,"neve_meta_title_alignment":"","neve_meta_author_avatar":"","neve_post_elements_order":"","neve_meta_disable_header":"","neve_meta_disable_footer":"","neve_meta_disable_title":"","footnotes":""},"categories":[9],"tags":[],"class_list":["post-1215","post","type-post","status-publish","format-standard","hentry","category-pommes"],"_links":{"self":[{"href":"https:\/\/www.macgleo.com\/blog\/wp-json\/wp\/v2\/posts\/1215","targetHints":{"allow":["GET"]}}],"collection":[{"href":"https:\/\/www.macgleo.com\/blog\/wp-json\/wp\/v2\/posts"}],"about":[{"href":"https:\/\/www.macgleo.com\/blog\/wp-json\/wp\/v2\/types\/post"}],"author":[{"embeddable":true,"href":"https:\/\/www.macgleo.com\/blog\/wp-json\/wp\/v2\/users\/1"}],"replies":[{"embeddable":true,"href":"https:\/\/www.macgleo.com\/blog\/wp-json\/wp\/v2\/comments?post=1215"}],"version-history":[{"count":25,"href":"https:\/\/www.macgleo.com\/blog\/wp-json\/wp\/v2\/posts\/1215\/revisions"}],"predecessor-version":[{"id":1257,"href":"https:\/\/www.macgleo.com\/blog\/wp-json\/wp\/v2\/posts\/1215\/revisions\/1257"}],"wp:attachment":[{"href":"https:\/\/www.macgleo.com\/blog\/wp-json\/wp\/v2\/media?parent=1215"}],"wp:term":[{"taxonomy":"category","embeddable":true,"href":"https:\/\/www.macgleo.com\/blog\/wp-json\/wp\/v2\/categories?post=1215"},{"taxonomy":"post_tag","embeddable":true,"href":"https:\/\/www.macgleo.com\/blog\/wp-json\/wp\/v2\/tags?post=1215"}],"curies":[{"name":"wp","href":"https:\/\/api.w.org\/{rel}","templated":true}]}}