{"id":120,"date":"2012-09-06T21:26:56","date_gmt":"2012-09-06T21:26:56","guid":{"rendered":"http:\/\/hoelg.fr\/macgleo\/blog\/?p=120"},"modified":"2023-07-03T12:25:16","modified_gmt":"2023-07-03T10:25:16","slug":"a-propos-des-propheties-de-merlin","status":"publish","type":"post","link":"https:\/\/www.macgleo.com\/blog\/2012\/09\/06\/a-propos-des-propheties-de-merlin\/","title":{"rendered":"A propos des proph\u00e9ties  de Merlin"},"content":{"rendered":"<p style=\"text-align: right;\">Publi\u00e9 le 6 septembre 2012<\/p>\n<p>A force d\u2019entendre parler des proph\u00e9ties de Merlin <em>(Myrddin)<\/em> et d\u2019en parler puisqu\u2019il y est question de pommiers, je m\u2019y suis rendu. On trouvera ci-dessous une image d\u2019une page du \u201c<em>Black book of Carmathen<\/em>\u201d ainsi que la traduction d\u2019<em>Arthur de La Borderie<\/em> (ces documents, reproduits sans correction, sont librement accessibles sur le web). Le texte est pr\u00e9sent\u00e9 comme <em>Les v\u00e9ritables proph\u00e9ties de Merlin<\/em> et peut semble-t-il \u00eatre consid\u00e9r\u00e9e comme authentique.<\/p>\n<p><em>\u00a0<\/em>Myrddin aurait donc v\u00e9cu au VIe si\u00e8cle et aurait combattu (du cot\u00e9 des vaincus) \u00e0 la bataille d\u2019Afderydd en 573. Le tumulte de la d\u00e9faite l\u2019aurait rendu fou et il se serait enfui dans la for\u00eat de Celyddon ou il aurait v\u00e9cu longtemps parmi les b\u00eates sauvages. On note \u00e0 ce sujet qu\u2019il s\u2019adresse \u00e0 son marcassin favori (il n\u2019est pas s\u00fbr cependant que cela veuille dire quelque chose car il semble bien que les druides utilisaient aussi ce mot pour d\u00e9signer leurs \u00e9l\u00e8ves).<\/p>\n<p>Dans tous les cas, fou ou pas fou, le texte semble comporter des manques et des ajouts (comme quoi bien avant internet on savait piquer \u00e0 droite et gauche des bouts de textes pour en faire un nouveau) et respire fort la d\u00e9faite, la d\u00e9solation et la mort, m\u00eame si l\u2019auteur se force \u00e0 proph\u00e9tiser le retour d\u2019un hypoth\u00e9tique sauveur.<\/p>\n<p>Dans ces conditions l\u2019appel au pommier (l\u2019arbre du lien entre le monde des vivants et l\u2019au-del\u00e0 selon l\u2019ancienne tradition celtique des arbres sacr\u00e9s) semble effectivement justifi\u00e9, comme si Myrddin invoquait la magie de l\u2019arbre pour communiquer avec ses d\u00e9funts compagnons.<\/p>\n<p><a href=\"https:\/\/mloeudo7ye9b.i.optimole.com\/w:auto\/h:auto\/q:mauto\/f:best\/http:\/\/www.macgleo.com\/blog\/wp-content\/uploads\/2012\/09\/Prophetie-de-Merlin-P1.jpg\"><img data-opt-id=1290647043  fetchpriority=\"high\" decoding=\"async\" class=\"size-full wp-image-123 alignleft\" title=\"Prophetie de Merlin P1\" src=\"https:\/\/mloeudo7ye9b.i.optimole.com\/w:auto\/h:auto\/q:mauto\/f:best\/http:\/\/www.macgleo.com\/blog\/wp-content\/uploads\/2012\/09\/Prophetie-de-Merlin-P1.jpg\" alt=\"\" width=\"200\" height=\"251\" \/><\/a><\/p>\n<p>Afallenau <em>(Les pommiers)<\/em><\/p>\n<p>Doux pommier aux branches charmantes, poussant de toutes parts tes boutons et tes bourgeons vigoureux. Je pr\u00e9dirai, en pr\u00e9sence du ma\u00eetre de Machreu, que dans la vall\u00e9e de Machway, mercredi, il y aura du sang pour les Lo\u00ebgriens, dont les lames seront rouges de sang.<\/p>\n<p><em>Mais \u00e9coute, petit pourceau ! Le jeudi, il viendra de la joie pour les Kymrys et leurs puissants bataillons, occup\u00e9s \u00e0 d\u00e9fendre Kymminawd \u00e0 grands coups de sabre. Des Saxons il sera fait un massacre avec les lances de fr\u00eane, de leurs t\u00e8tes on se servira pour jouer aux boules. Je pr\u00e9dis la v\u00e9rit\u00e9 sans d\u00e9guisement, Je pr\u00e9dis la r\u00e9v\u00e9lation d&rsquo;un enfant cach\u00e9 aujourd&rsquo;hui dans une contr\u00e9e du\u00a0 Sud.<\/em><\/p>\n<p>Doux pommier, arbre vert \u00e0 la croissance opulente, que tes branches sont vastes et que ta forme est belle ! Oui, je pr\u00e9dis une bataille qui me fera crier dans Penswern, au milieu d\u2019une f\u00eate royale : Il faut ici de l\u2019hydromel\u00a0!<\/p>\n<p>Doux pommier, arbre aux teintes jaunes, tu cro\u00ees \u00e0 Talarz sans \u00eatre prot\u00e9g\u00e9 par l\u2019enceinte d\u2019un jardin. Et moi je pr\u00e9dirai une bataille en Bretagne pour d\u00e9fendre nos fronti\u00e8res contre les hommes de Dublin. Sept navires viendront par le grand lac et sept cents par la mer, pour nous soumettre. Mais de ceux qui viendront, pas un ne retournera vers Kennyn, sauf sept \u00e0 demi vides, conform\u00e9ment \u00e0 la pr\u00e9diction.<\/p>\n<p>Doux pommier, que ta croissance est opulente\u00a0! J&rsquo;avais coutume de prendre ma nourriture \u00e0 tes pieds pour plaire \u00e0 une\u00a0\u00a0 belle fille. Alors que, mon bouclier sur l&rsquo;\u00e9paule, mon glaive sur la cuisse, Je dormais seul dans la for\u00eat de Kelyddon.<\/p>\n<p><em>Ecoute, petit pourceau ! Attache toi \u00e0 la raison, pr\u00eate oreille aux oiseaux dont le chant est agr\u00e9able. A travers la mer les souverains viendront lundi ; les Kymrys seront b\u00e9nis, par suite de cette r\u00e9solution.\u00a0 <\/em><\/p>\n<p>Doux pommier qui cro\u00eet dans la clairi\u00e8re. Les seigneurs de la cour de Ryderch, \u00e0 cause de leur violence, ne te verront pas. Quoique le sol \u00e0 tes pieds soit foul\u00e9 et qu&rsquo;il y ait des hommes autour de toi. Terribles \u00e0 leurs yeux sont les figures des h\u00e9ros.\u00a0 Gwendyz \u00a0ne m\u2019aime plus, ne me salue plus.\u00a0 Je suis odieux au plus fid\u00e8le serviteur de Ryderch, car j&rsquo;ai ruin\u00e9 son fils et sa fille.<\/p>\n<p>La mort prend tout devant elle\u00a0; que ne me rend-elle triste ! Apr\u00e8s Gwendoleu aucun prince ne m&rsquo;honore plus ; Je n&rsquo;ai plus aucun divertissement, aucune visite de ma belle. Pourtant, \u00e0 la bataille d&rsquo;\u00c2rderyd \u00a0je portais un collier d&rsquo;or et maintenant je suis m\u00e9pris\u00e9 par celle qui est blanche comme un cygne.<\/p>\n<p>Doux pommier \u00e0 la fleur d\u00e9licate qui cro\u00eet cach\u00e9 dans les bois. Au point du jour on m&rsquo;a fait ce conte. Que le plus fid\u00e8le des serviteurs se f\u00e2che \u00e0 mon sujet, deux fois, trois fois, quatre fois le jour. \u00a0J\u00e9sus, pl\u00fbt \u00e0 Dieu que ma fin f\u00fbt venue avant d&rsquo;avoir sur ma main la mort du fils de Gwendys !<\/p>\n<p>Doux pommier qui cro\u00eet sur le bord du fleuve. Par respect pour toi, ton gardien ne tirera pas de profit de tes fruits splendides. Avant d\u2019\u00eatre priv\u00e9 de raison, je me promenais souvent autour de ta tige avec une charmante fille, mod\u00e8le de gr\u00e2ce et de gait\u00e9. Mais pendant dix ans et quarante ans, jou\u00e9 par des hommes sans loi, je suis rest\u00e9 errant dans les t\u00e9n\u00e8bres et parmi les spectres. Apr\u00e8s avoir joui de grandes richesses, entretenu moi m\u00eame des m\u00e9nestrels, je suis rest\u00e9 l\u00e0 si longtemps que les spectres et les t\u00e9n\u00e8bres ne peuvent plus m&rsquo;abuser. Je ne dormirai point, car je tremble pour mon cher seigneur Gwendoleu et pour les citoyens de mon pays.<\/p>\n<p>Doux pommier aux fleurs d\u00e9licates, qui cro\u00eet dans un terrain couvert d&rsquo;arbres. Sibylle m&rsquo;a r\u00e9v\u00e9l\u00e9 d\u2019avance ce qui va se passer : Un sceptre d&rsquo;or d&rsquo;un grand prix, r\u00e9compense de la bravoure, sera donn\u00e9 aux illustres chefs en face des dragons.\u00a0\u00a0 Celui qui leur fera cette gr\u00e2ce vaincra Timpie. Devant l&rsquo;enfant, hardi comme le soleil en sa course, les Saxons seront extirp\u00e9s et les bardes florissants.<\/p>\n<p>Doux pommier, arbre aux teintes \u00e9carlates qui cro\u00eet cach\u00e9 dans la for\u00eat de Kelyddon, on a beau chercher tes fruits, ce sera en vain jusqu&rsquo;au jour o\u00f9 Cadwaladyr sortira de la conf\u00e9rence de Gadvaon avec l\u2019aigle des rivi\u00e8res de Tywi et de Teivi, o\u00f9 une crue d\u2019angoisse viendra d&rsquo;Aranwynion, et o\u00f9 seront enfin dompt\u00e9s les sauvages aux longs cheveux.<\/p>\n<p>Doux pommier, arbre aux teintes \u00e9carlates, qui cro\u00eet cach\u00e9 dans la for\u00eat de Kelyddon. On a beau chercher tes fruits, ce sera en vain jusqu&rsquo;au jour o\u00f9 Cadwaladyr sortira de la conf\u00e9rence de Rhyd-Reou et o\u00f9 Conao, venant \u00e0 sa rencontre, marchera contre les Saxons. Les Kymrys alors seront vainqueurs, glorieux sera leur chef, les Bretons, reprenant leurs droits, se r\u00e9jouiront. Leurs cornes sonneront des airs de f\u00eale, ils entonneront le chant de la paix et du bonheur.<\/p>\n","protected":false},"excerpt":{"rendered":"<p>Publi\u00e9 le 6 septembre 2012 A force d\u2019entendre parler des proph\u00e9ties de Merlin (Myrddin) et d\u2019en parler puisqu\u2019il y est question de pommiers, je m\u2019y suis rendu. On trouvera ci-dessous&hellip;&nbsp;<a href=\"https:\/\/www.macgleo.com\/blog\/2012\/09\/06\/a-propos-des-propheties-de-merlin\/\" rel=\"bookmark\">Lire la suite &raquo;<span class=\"screen-reader-text\">A propos des proph\u00e9ties  de Merlin<\/span><\/a><\/p>\n","protected":false},"author":1,"featured_media":123,"comment_status":"open","ping_status":"open","sticky":false,"template":"","format":"standard","meta":{"neve_meta_sidebar":"","neve_meta_container":"","neve_meta_enable_content_width":"","neve_meta_content_width":0,"neve_meta_title_alignment":"","neve_meta_author_avatar":"","neve_post_elements_order":"","neve_meta_disable_header":"","neve_meta_disable_footer":"","neve_meta_disable_title":"","footnotes":""},"categories":[7],"tags":[],"class_list":["post-120","post","type-post","status-publish","format-standard","has-post-thumbnail","hentry","category-contes"],"_links":{"self":[{"href":"https:\/\/www.macgleo.com\/blog\/wp-json\/wp\/v2\/posts\/120","targetHints":{"allow":["GET"]}}],"collection":[{"href":"https:\/\/www.macgleo.com\/blog\/wp-json\/wp\/v2\/posts"}],"about":[{"href":"https:\/\/www.macgleo.com\/blog\/wp-json\/wp\/v2\/types\/post"}],"author":[{"embeddable":true,"href":"https:\/\/www.macgleo.com\/blog\/wp-json\/wp\/v2\/users\/1"}],"replies":[{"embeddable":true,"href":"https:\/\/www.macgleo.com\/blog\/wp-json\/wp\/v2\/comments?post=120"}],"version-history":[{"count":11,"href":"https:\/\/www.macgleo.com\/blog\/wp-json\/wp\/v2\/posts\/120\/revisions"}],"predecessor-version":[{"id":3411,"href":"https:\/\/www.macgleo.com\/blog\/wp-json\/wp\/v2\/posts\/120\/revisions\/3411"}],"wp:featuredmedia":[{"embeddable":true,"href":"https:\/\/www.macgleo.com\/blog\/wp-json\/wp\/v2\/media\/123"}],"wp:attachment":[{"href":"https:\/\/www.macgleo.com\/blog\/wp-json\/wp\/v2\/media?parent=120"}],"wp:term":[{"taxonomy":"category","embeddable":true,"href":"https:\/\/www.macgleo.com\/blog\/wp-json\/wp\/v2\/categories?post=120"},{"taxonomy":"post_tag","embeddable":true,"href":"https:\/\/www.macgleo.com\/blog\/wp-json\/wp\/v2\/tags?post=120"}],"curies":[{"name":"wp","href":"https:\/\/api.w.org\/{rel}","templated":true}]}}