{"id":1054,"date":"2014-07-01T22:33:25","date_gmt":"2014-07-01T20:33:25","guid":{"rendered":"http:\/\/www.macgleo.com\/blog\/?p=1054"},"modified":"2014-07-01T22:45:29","modified_gmt":"2014-07-01T20:45:29","slug":"la-saveur-forte","status":"publish","type":"post","link":"https:\/\/www.macgleo.com\/blog\/2014\/07\/01\/la-saveur-forte\/","title":{"rendered":"La saveur forte"},"content":{"rendered":"<p><strong><em>Le samedi 19 juillet prochain se tiendra le 103<sup>\u00e8me<\/sup> concours de cidre de Fouenant.<\/em><\/strong><\/p>\n<p>Organis\u00e9 par la Mairie de Fouesnant les Glenan et le Cidref. Plac\u00e9e sous le signe du go\u00fbt, avec l\u2019ambition de mettre en lumi\u00e8re sa place dans l\u2019\u00e9quilibre gustatif, la journ\u00e9e fera la part belle \u00e0 la saveur forte, l\u2019<strong>amertume<\/strong>.<\/p>\n<p><em>Le cidre de Fouenant est r\u00e9put\u00e9 pour sa douceur amertum\u00e9e. L\u2019amer en langue bretonne, c\u2019est c\u2019hwero (prononcer f\u00e9o) un mot omnipr\u00e9sent dans le vocabulaire cidricole du cru.<\/em><\/p>\n<p><a href=\"https:\/\/mloeudo7ye9b.i.optimole.com\/w:auto\/h:auto\/q:mauto\/f:best\/http:\/\/www.macgleo.com\/blog\/wp-content\/uploads\/2012\/09\/macgleo-verre-de-cidre.jpg\"><img data-opt-id=841458016  fetchpriority=\"high\" decoding=\"async\" class=\"alignleft size-full wp-image-35\" src=\"https:\/\/mloeudo7ye9b.i.optimole.com\/w:auto\/h:auto\/q:mauto\/f:best\/http:\/\/www.macgleo.com\/blog\/wp-content\/uploads\/2012\/09\/macgleo-verre-de-cidre.jpg\" alt=\"Verre de cidre\" width=\"200\" height=\"300\" \/><\/a>La journ\u00e9e se d\u00e9roulera au p\u00f4le culturel de l&rsquo;Archipel. La matin\u00e9e sera comme par le pass\u00e9 consacr\u00e9e au concours des cidre et jus de pomme des terroirs de Bretagne avec, en parall\u00e8le \u00e0 la comp\u00e9tition, un atelier de d\u00e9gustation install\u00e9 dans le hall d\u2019accueil o\u00f9 le public sera invit\u00e9 \u00e0 s\u2019initier aux saveurs des cidres.<\/p>\n<p>Apr\u00e8s le d\u00e9jeuner, dans l\u2019amphith\u00e9\u00e2tre, Emmanuel Giraud, ancien pensionnaire de l&rsquo;Acad\u00e9mie de France \u00e0 Rome, journaliste et artiste contemporain, proposera une conf\u00e9rence sur l\u2019amertume et la th\u00e9matique du souvenir culinaire, illustr\u00e9e de nombreux t\u00e9moignages vid\u00e9o.<\/p>\n<p>\u00c0 l\u2019issue de cette pr\u00e9sentation, toujours dans l\u2019amphith\u00e9\u00e2tre, une table ronde r\u00e9unira autour de Patrick Herv\u00e9, \u00e9crivain, sp\u00e9cialiste de la tradition culinaire bretonne, Emmanuel Giraud, Ronan Simoneau, chercheur \u00e0 l\u2019Ecole Sup\u00e9rieure d&rsquo;Agriculture d&rsquo;Angers o\u00f9 il travaille sur la construction de l&rsquo;\u00e9quilibre gustatif des cidres, ainsi que des repr\u00e9sentants de la cuisine gastronomique et du commerce des cidre.<\/p>\n<p>En fin d\u2019apr\u00e8s-midi, le Maire de Fouesnant les Glenan et le Pr\u00e9sident du Cidref pr\u00e9sideront \u00e0 la remise des prix du concours de cidre.<\/p>\n<p><a href=\"https:\/\/mloeudo7ye9b.i.optimole.com\/w:auto\/h:auto\/q:mauto\/f:best\/http:\/\/www.macgleo.com\/blog\/wp-content\/uploads\/2014\/07\/AfficheFeo.jpg\"><img data-opt-id=938536951  fetchpriority=\"high\" decoding=\"async\" class=\"size-full wp-image-1055 aligncenter\" src=\"https:\/\/mloeudo7ye9b.i.optimole.com\/w:auto\/h:auto\/q:mauto\/f:best\/http:\/\/www.macgleo.com\/blog\/wp-content\/uploads\/2014\/07\/AfficheFeo.jpg\" alt=\"Affiche20X30\" width=\"378\" height=\"567\" srcset=\"https:\/\/mloeudo7ye9b.i.optimole.com\/w:378\/h:567\/q:mauto\/f:best\/https:\/\/www.macgleo.com\/blog\/wp-content\/uploads\/2014\/07\/AfficheFeo.jpg 378w, https:\/\/mloeudo7ye9b.i.optimole.com\/w:200\/h:300\/q:mauto\/f:best\/https:\/\/www.macgleo.com\/blog\/wp-content\/uploads\/2014\/07\/AfficheFeo.jpg 200w\" sizes=\"(max-width: 378px) 100vw, 378px\" \/><\/a><\/p>\n","protected":false},"excerpt":{"rendered":"<p>Le samedi 19 juillet prochain se tiendra le 103\u00e8me concours de cidre de Fouenant. Organis\u00e9 par la Mairie de Fouesnant les Glenan et le Cidref. Plac\u00e9e sous le signe du&hellip;&nbsp;<a href=\"https:\/\/www.macgleo.com\/blog\/2014\/07\/01\/la-saveur-forte\/\" rel=\"bookmark\">Lire la suite &raquo;<span class=\"screen-reader-text\">La saveur forte<\/span><\/a><\/p>\n","protected":false},"author":1,"featured_media":0,"comment_status":"open","ping_status":"open","sticky":false,"template":"","format":"standard","meta":{"neve_meta_sidebar":"","neve_meta_container":"","neve_meta_enable_content_width":"","neve_meta_content_width":0,"neve_meta_title_alignment":"","neve_meta_author_avatar":"","neve_post_elements_order":"","neve_meta_disable_header":"","neve_meta_disable_footer":"","neve_meta_disable_title":"","footnotes":""},"categories":[4],"tags":[],"class_list":["post-1054","post","type-post","status-publish","format-standard","hentry","category-cidre"],"_links":{"self":[{"href":"https:\/\/www.macgleo.com\/blog\/wp-json\/wp\/v2\/posts\/1054","targetHints":{"allow":["GET"]}}],"collection":[{"href":"https:\/\/www.macgleo.com\/blog\/wp-json\/wp\/v2\/posts"}],"about":[{"href":"https:\/\/www.macgleo.com\/blog\/wp-json\/wp\/v2\/types\/post"}],"author":[{"embeddable":true,"href":"https:\/\/www.macgleo.com\/blog\/wp-json\/wp\/v2\/users\/1"}],"replies":[{"embeddable":true,"href":"https:\/\/www.macgleo.com\/blog\/wp-json\/wp\/v2\/comments?post=1054"}],"version-history":[{"count":14,"href":"https:\/\/www.macgleo.com\/blog\/wp-json\/wp\/v2\/posts\/1054\/revisions"}],"predecessor-version":[{"id":1069,"href":"https:\/\/www.macgleo.com\/blog\/wp-json\/wp\/v2\/posts\/1054\/revisions\/1069"}],"wp:attachment":[{"href":"https:\/\/www.macgleo.com\/blog\/wp-json\/wp\/v2\/media?parent=1054"}],"wp:term":[{"taxonomy":"category","embeddable":true,"href":"https:\/\/www.macgleo.com\/blog\/wp-json\/wp\/v2\/categories?post=1054"},{"taxonomy":"post_tag","embeddable":true,"href":"https:\/\/www.macgleo.com\/blog\/wp-json\/wp\/v2\/tags?post=1054"}],"curies":[{"name":"wp","href":"https:\/\/api.w.org\/{rel}","templated":true}]}}