{"id":1049,"date":"2014-06-07T16:50:40","date_gmt":"2014-06-07T14:50:40","guid":{"rendered":"http:\/\/www.macgleo.com\/blog\/?p=1049"},"modified":"2014-06-07T22:10:12","modified_gmt":"2014-06-07T20:10:12","slug":"tri-a-viz-even-daou-vil-pevarzek","status":"publish","type":"post","link":"https:\/\/www.macgleo.com\/blog\/2014\/06\/07\/tri-a-viz-even-daou-vil-pevarzek\/","title":{"rendered":"Tri a viz-even daou-vil-pevarzek"},"content":{"rendered":"<p><a href=\"https:\/\/mloeudo7ye9b.i.optimole.com\/w:auto\/h:auto\/q:mauto\/f:best\/http:\/\/www.macgleo.com\/blog\/wp-content\/uploads\/2014\/06\/Pennkergregoire2.jpg\"><img data-opt-id=1544126267  fetchpriority=\"high\" decoding=\"async\" class=\"alignleft size-full wp-image-1050\" src=\"https:\/\/mloeudo7ye9b.i.optimole.com\/w:auto\/h:auto\/q:mauto\/f:best\/http:\/\/www.macgleo.com\/blog\/wp-content\/uploads\/2014\/06\/Pennkergregoire2.jpg\" alt=\"Impression\" width=\"500\" height=\"200\" srcset=\"https:\/\/mloeudo7ye9b.i.optimole.com\/w:500\/h:200\/q:mauto\/f:best\/https:\/\/www.macgleo.com\/blog\/wp-content\/uploads\/2014\/06\/Pennkergregoire2.jpg 500w, https:\/\/mloeudo7ye9b.i.optimole.com\/w:300\/h:120\/q:mauto\/f:best\/https:\/\/www.macgleo.com\/blog\/wp-content\/uploads\/2014\/06\/Pennkergregoire2.jpg 300w\" sizes=\"(max-width: 500px) 100vw, 500px\" \/><\/a><\/p>\n<p><em>Degemer mad<\/em>, bienvenue aux honn\u00eates voyageurs venus de l\u2019est, car sauf a s\u2019engager sur les flots, vous n\u2019irez gu\u00e8re plus \u00e0 l\u2019ouest. Ici, en Cornouaille, la course des tribus s\u2019est arr\u00eat\u00e9e souvent, dans la qui\u00e9tude des landes et des bois, dans la rudesse alanguie des vagues et du sable.<\/p>\n<p>Si l\u2019on vient par la terre voyageant en qu\u00eate d\u2019occident, il faut suivre les chemins en retraits de la c\u00f4te, remonter dans les terres par les rivi\u00e8res et les fleuves, passer les antiques ponts de pierre qui marquent les territoires oubli\u00e9s des clans, et s\u2019aventurer \u00e0 d\u00e9couvert dans l\u2019espace clair des paluds o\u00f9 la terre et la mer communient.<\/p>\n<p>Et puis marcher, marcher le long des rives o\u00f9 les ch\u00eanes centenaires s\u2019abreuvent aux reflux, marcher sur les gr\u00e8ves o\u00f9 le mince filet de sable suffit \u00e0 faire barrage \u00e0 l\u2019infini du <em>glaz<\/em>, marcher sur l\u2019estran le temps d\u2019une mar\u00e9e, avant de gravir la dune o\u00f9 les bosquets emm\u00ealent l\u2019ajonc, le gen\u00eat, le bouleau et le pin.<\/p>\n<p>Marcher encore un peu et d\u00e9couvrir d\u2019un coup, le mouvement du vent dans les reflets changeants des vasi\u00e8res o\u00f9 les ruisseaux se perdent en labyrinthes, o\u00f9 les oiseaux en maraude se disputent la ripaille. Ici les brumes des fonds de baies laissent en bruits \u00e9touff\u00e9s s\u2019\u00e9loigner les pinasses, accueillent en silence les voiles hauturi\u00e8res et font monter de la terre les clochers des \u00e9glises et les toits des villages.<\/p>\n<p>Si l\u2019on vient par la mer, en retour de campagne lointaine, on sait qu\u2019ici les havres du milieu de la mer offrent tous l\u2019abri de plages ench\u00e2ss\u00e9es dans le gris des falaises basses et couronn\u00e9es de masses verdoyantes. Les capitaines savent tous cependant qu\u2019il faut aller jusqu\u2019au fond de l\u2019anse, doubler un vieux cap et embouquer une ria, invisible du large, avant de pouvoir mouiller en lieu sur, dans l\u2019alignement incertain des canots \u00e0 misaine.<\/p>\n<p><em>Taol cha\u00f1s ganeoc\u2019h<\/em>, vous \u00eates sur la cote cornouaillaise, au centre de l\u2019occident maritime. Les saveurs du sud parfument les maisons, les vents d\u2019ouest abreuvent les cultures, les musiques du nord r\u00e9veillent les tavernes. Seul parfois, mais rarement, un \u00e9cho barbare nous vient de l\u2019est.<\/p>\n<p><em>Skeudenn\u00a0: \u00ab\u00a0Pennker Gregoire\u00a0\u00bb \u00a9 Mark Gleonec 2104<\/em><\/p>\n","protected":false},"excerpt":{"rendered":"<p>Degemer mad, bienvenue aux honn\u00eates voyageurs venus de l\u2019est, car sauf a s\u2019engager sur les flots, vous n\u2019irez gu\u00e8re plus \u00e0 l\u2019ouest. Ici, en Cornouaille, la course des tribus s\u2019est&hellip;&nbsp;<a href=\"https:\/\/www.macgleo.com\/blog\/2014\/06\/07\/tri-a-viz-even-daou-vil-pevarzek\/\" rel=\"bookmark\">Lire la suite &raquo;<span class=\"screen-reader-text\">Tri a viz-even daou-vil-pevarzek<\/span><\/a><\/p>\n","protected":false},"author":1,"featured_media":0,"comment_status":"open","ping_status":"open","sticky":false,"template":"","format":"standard","meta":{"neve_meta_sidebar":"","neve_meta_container":"","neve_meta_enable_content_width":"","neve_meta_content_width":0,"neve_meta_title_alignment":"","neve_meta_author_avatar":"","neve_post_elements_order":"","neve_meta_disable_header":"","neve_meta_disable_footer":"","neve_meta_disable_title":"","footnotes":""},"categories":[7],"tags":[],"class_list":["post-1049","post","type-post","status-publish","format-standard","hentry","category-contes"],"_links":{"self":[{"href":"https:\/\/www.macgleo.com\/blog\/wp-json\/wp\/v2\/posts\/1049","targetHints":{"allow":["GET"]}}],"collection":[{"href":"https:\/\/www.macgleo.com\/blog\/wp-json\/wp\/v2\/posts"}],"about":[{"href":"https:\/\/www.macgleo.com\/blog\/wp-json\/wp\/v2\/types\/post"}],"author":[{"embeddable":true,"href":"https:\/\/www.macgleo.com\/blog\/wp-json\/wp\/v2\/users\/1"}],"replies":[{"embeddable":true,"href":"https:\/\/www.macgleo.com\/blog\/wp-json\/wp\/v2\/comments?post=1049"}],"version-history":[{"count":3,"href":"https:\/\/www.macgleo.com\/blog\/wp-json\/wp\/v2\/posts\/1049\/revisions"}],"predecessor-version":[{"id":1053,"href":"https:\/\/www.macgleo.com\/blog\/wp-json\/wp\/v2\/posts\/1049\/revisions\/1053"}],"wp:attachment":[{"href":"https:\/\/www.macgleo.com\/blog\/wp-json\/wp\/v2\/media?parent=1049"}],"wp:term":[{"taxonomy":"category","embeddable":true,"href":"https:\/\/www.macgleo.com\/blog\/wp-json\/wp\/v2\/categories?post=1049"},{"taxonomy":"post_tag","embeddable":true,"href":"https:\/\/www.macgleo.com\/blog\/wp-json\/wp\/v2\/tags?post=1049"}],"curies":[{"name":"wp","href":"https:\/\/api.w.org\/{rel}","templated":true}]}}