{"id":3486,"global_id":"www.macgleo.com\/blog?id=3486","global_id_lineage":["www.macgleo.com\/blog?id=3486"],"author":"1","status":"publish","date":"2023-07-25 15:01:31","date_utc":"2023-07-25 13:01:31","modified":"2023-07-25 15:02:45","modified_utc":"2023-07-25 13:02:45","url":"https:\/\/www.macgleo.com\/blog\/event\/110eme-concours-de-cidre-de-fouesnant\/","rest_url":"https:\/\/www.macgleo.com\/blog\/wp-json\/tribe\/events\/v1\/events\/3486","title":"110\u00e8me Concours de cidre de Fouesnant.","description":"<p>15 Juillet 2023 : 110\u00e8me Concours de cidre de Fouesnant.<\/p>\n<p>Le 110e concours de cidre et de jus de pomme de terroir, organis\u00e9 \u00e0 Fouesnant, aura lieu samedi 15 juillet. C\u2019est le plus ancien concours de Bretagne et il a la particularit\u00e9 d\u2019\u00eatre aussi ouvert aux producteurs amateurs. Le Comit\u00e9 cidricole de d\u00e9veloppement et de recherches fouesnantais et finist\u00e9rien (Cidref) et la ville organisent, samedi, le 110e concours de cidre et de jus de pomme de terroir, seul concours de Bretagne qui permet aux amateurs de pr\u00e9senter leurs cidres et jus de pomme.<\/p>\n<div style=\"width: 1200px;\" class=\"wp-video\"><video class=\"wp-video-shortcode\" id=\"video-0-1\" width=\"1200\" height=\"580\" preload=\"metadata\" controls=\"controls\"><source type=\"video\/webm\" src=\"https:\/\/www.macgleo.com\/blog\/wp-content\/uploads\/2023\/07\/screencast-france3-regions.francetvinfo.fr-2023.07.25-14_51_12.webm?_=1\" \/><a href=\"https:\/\/www.macgleo.com\/blog\/wp-content\/uploads\/2023\/07\/screencast-france3-regions.francetvinfo.fr-2023.07.25-14_51_12.webm\">https:\/\/www.macgleo.com\/blog\/wp-content\/uploads\/2023\/07\/screencast-france3-regions.francetvinfo.fr-2023.07.25-14_51_12.webm<\/a><\/video><\/div>","excerpt":"","slug":"110eme-concours-de-cidre-de-fouesnant","image":{"url":"https:\/\/mloeudo7ye9b.i.optimole.com\/w:auto\/h:auto\/q:mauto\/f:best\/https:\/\/www.macgleo.com\/blog\/wp-content\/uploads\/2023\/07\/Mark-GLEONEC-JT-France-3-Bretagne.png","id":3488,"extension":"png","width":435,"height":250,"filesize":189496,"sizes":{"medium":{"width":300,"height":172,"mime-type":"image\/png","filesize":84847,"url":"https:\/\/mloeudo7ye9b.i.optimole.com\/w:300\/h:172\/q:mauto\/f:best\/https:\/\/www.macgleo.com\/blog\/wp-content\/uploads\/2023\/07\/Mark-GLEONEC-JT-France-3-Bretagne.png"},"thumbnail":{"width":150,"height":150,"mime-type":"image\/png","filesize":39672,"url":"https:\/\/mloeudo7ye9b.i.optimole.com\/w:150\/h:150\/q:mauto\/rt:fill\/g:ce\/f:best\/https:\/\/www.macgleo.com\/blog\/wp-content\/uploads\/2023\/07\/Mark-GLEONEC-JT-France-3-Bretagne.png"},"cmplz_banner_image":{"width":350,"height":100,"mime-type":"image\/png","filesize":56693,"url":"https:\/\/mloeudo7ye9b.i.optimole.com\/w:350\/h:100\/q:mauto\/f:best\/https:\/\/www.macgleo.com\/blog\/wp-content\/uploads\/2023\/07\/Mark-GLEONEC-JT-France-3-Bretagne.png"}}},"all_day":false,"start_date":"2023-07-15 09:00:00","start_date_details":{"year":"2023","month":"07","day":"15","hour":"09","minutes":"00","seconds":"00"},"end_date":"2023-07-15 13:00:00","end_date_details":{"year":"2023","month":"07","day":"15","hour":"13","minutes":"00","seconds":"00"},"utc_start_date":"2023-07-15 07:00:00","utc_start_date_details":{"year":"2023","month":"07","day":"15","hour":"07","minutes":"00","seconds":"00"},"utc_end_date":"2023-07-15 11:00:00","utc_end_date_details":{"year":"2023","month":"07","day":"15","hour":"11","minutes":"00","seconds":"00"},"timezone":"Europe\/Paris","timezone_abbr":"CEST","cost":"","cost_details":{"currency_symbol":"","currency_code":"","currency_position":"prefix","values":[]},"website":"","show_map":true,"show_map_link":true,"hide_from_listings":false,"sticky":false,"featured":false,"categories":[{"name":"Agenda","slug":"agenda","term_group":0,"term_taxonomy_id":14,"taxonomy":"tribe_events_cat","description":"","parent":0,"count":12,"filter":"raw","id":14,"urls":{"self":"https:\/\/www.macgleo.com\/blog\/wp-json\/tribe\/events\/v1\/categories\/14","collection":"https:\/\/www.macgleo.com\/blog\/wp-json\/tribe\/events\/v1\/categories"}}],"tags":[{"name":"Cidre","slug":"cidre","term_group":0,"term_taxonomy_id":16,"taxonomy":"post_tag","description":"","parent":0,"count":11,"filter":"raw","id":16,"urls":{"self":"https:\/\/www.macgleo.com\/blog\/wp-json\/tribe\/events\/v1\/tags\/16","collection":"https:\/\/www.macgleo.com\/blog\/wp-json\/tribe\/events\/v1\/tags"}},{"name":"Concours","slug":"concours","term_group":0,"term_taxonomy_id":15,"taxonomy":"post_tag","description":"","parent":0,"count":3,"filter":"raw","id":15,"urls":{"self":"https:\/\/www.macgleo.com\/blog\/wp-json\/tribe\/events\/v1\/tags\/15","collection":"https:\/\/www.macgleo.com\/blog\/wp-json\/tribe\/events\/v1\/tags"}}],"venue":[],"organizer":[],"custom_fields":[],"json_ld":{"@context":"http:\/\/schema.org","@type":"Event","name":"110\u00e8me Concours de cidre de Fouesnant.","description":"&lt;p&gt;15 Juillet 2023 : 110\u00e8me Concours de cidre de Fouesnant. Le 110e concours de cidre et de jus de pomme de terroir, organis\u00e9 \u00e0 Fouesnant, aura lieu samedi 15 juillet.&hellip;&nbsp;&lt;a href=&quot;https:\/\/www.macgleo.com\/blog\/event\/110eme-concours-de-cidre-de-fouesnant\/&quot; rel=&quot;bookmark&quot;&gt;Lire la suite &raquo;&lt;span class=&quot;screen-reader-text&quot;&gt;110\u00e8me Concours de cidre de Fouesnant.&lt;\/span&gt;&lt;\/a&gt;&lt;\/p&gt;\\n","image":"https:\/\/mloeudo7ye9b.i.optimole.com\/w:auto\/h:auto\/q:mauto\/f:best\/https:\/\/www.macgleo.com\/blog\/wp-content\/uploads\/2023\/07\/Mark-GLEONEC-JT-France-3-Bretagne.png","url":"https:\/\/www.macgleo.com\/blog\/event\/110eme-concours-de-cidre-de-fouesnant\/","eventAttendanceMode":"https:\/\/schema.org\/OfflineEventAttendanceMode","eventStatus":"https:\/\/schema.org\/EventScheduled","startDate":"2023-07-15T09:00:00+02:00","endDate":"2023-07-15T13:00:00+02:00","performer":"Organization"}}